{"id":1,"date":"2014-10-07T00:15:35","date_gmt":"2014-10-06T23:15:35","guid":{"rendered":"http:\/\/www.jacquesolivier.fr\/?p=1"},"modified":"2016-01-23T19:14:04","modified_gmt":"2016-01-23T18:14:04","slug":"bonjour-tout-le-monde","status":"publish","type":"post","link":"http:\/\/www.jacquesolivier.fr\/?p=1","title":{"rendered":"Non \u00e0 la m\u00e9gacentrale \u00e0 biomasse \u00e0 Gardanne"},"content":{"rendered":"<blockquote><p>Ce dimanche 5 octobre Jacques OLIVIER \u00e9tait pr\u00e9sent \u00e0 Gardanne pour s\u2019opposer \u00e0 la m\u00e9gacentrale \u00e0 biomasse d\u2019E-ON<\/p>\n<p>Malgr\u00e9 un vaste mouvement de contestation citoyenne, malgr\u00e9 l\u2019opposition de 400 communes dans les zones d\u2019approvisionnement, malgr\u00e9 deux recours juridiques d\u00e9pos\u00e9s contre l\u2019autorisation, malgr\u00e9 les fortes critiques exprim\u00e9es par de nombreux experts, syndicats forestiers, \u00e9lus\u2026 la multinationale allemande E-ON poursuit ses travaux de mise en \u0153uvre de ce projet aberrant qui transformera une partie de l\u2019actuelle centrale \u00e0 charbon de Gardanne, afin de br\u00fbler presque un million de tonnes de biomasse, majoritairement des arbres broy\u00e9s en plaquettes, pour un rendement minable de 35% (le reste partira dans l\u2019air) pour produire de l\u2019\u00e9lectricit\u00e9.<\/p>\n<p>Ce projet qui n\u2019est aucunement \u00e9cologique recevra 1,5 milliard d\u2019euros de subventions publiques sur 20 ans au titre du soutien aux \u00e9nergies renouvelables.<\/p>\n<p>Alors qu\u2019un travail important de la part de tous les acteurs de la fili\u00e8re bois (R\u00e9gion, CG, Collectivit\u00e9s locales, propri\u00e9taires forestiers, ONF, syndicats\u2026) est r\u00e9alis\u00e9 depuis plusieurs ann\u00e9es pour cr\u00e9er une interprofession et valoriser enfin nos for\u00eats r\u00e9gionales, voil\u00e0 que ce projet E-ON remet en cause tout cela.<\/p>\n<p>De plus cette m\u00e9gacentrale \u00e0 biomasse est incompatible avec l\u2019existant\u00a0: elle d\u00e9stabilisera la fili\u00e8re bois dont l\u2019\u00e9quilibre des gros op\u00e9rateurs, comme par exemple l\u2019usine de p\u00e2te \u00e0 papier de Tarascon, mais aussi l\u2019approvisionnement des 55 chaufferies locales actuellement en service qui auront des difficult\u00e9s pour trouver du bois \u00e0 un prix correct.<\/p>\n<p>De plus ce sont plus de 700 camions par jour qui transporteront du bois, des cendres\u2026<\/p>\n<p>Alors que la logique est \u00e0 la relocalisation de notre \u00e9conomie, de notre \u00e9nergie, une partie du bois viendra des for\u00eats dans un rayon de 400 kms autour de Gardanne (notamment des C\u00e9vennes) mais aussi pour moiti\u00e9 de la for\u00eat bor\u00e9ale du Canada.<\/p>\n<p>Aussi plusieurs intervenants (citoyens, responsables associatifs, syndicats, \u00e9lus locaux de plusieurs d\u00e9partements, conseillers r\u00e9gionaux, d\u00e9put\u00e9s et eurod\u00e9put\u00e9e) sont venus dire leur opposition \u00e0 ce projet et rappeler que la solution est d\u2019abord dans la r\u00e9duction de la consommation d\u2019\u00e9nergie, dans l\u2019efficacit\u00e9 \u00e9nerg\u00e9tique, dans les \u00e9nergies renouvelables, dans la fili\u00e8re bois locale, mais en aucune mani\u00e8re dans ce type de projet qui n\u2019est l\u00e0 que pour le profit des actionnaires. Les salari\u00e9s n\u2019ont aucune garantie de travail m\u00eame \u00e0 court terme\u00a0; cette m\u00e9gacentrale d\u00e9truira plus d\u2019emplois qu\u2019elle n\u2019en cr\u00e9era et la biodiversit\u00e9 n\u2019est aucunement le souci de cette multinationale.<\/p>\n<p>Les \u00e9lus r\u00e9gionaux dont Jacques OLIVIER ont port\u00e9s une motion contre ce projet en f\u00e9vrier dernier. Elle a \u00e9t\u00e9 vot\u00e9e lors de l\u2019assembl\u00e9e pl\u00e9ni\u00e8re.<\/p>\n<p>Ce dimanche 5 octobre \u00e0 Gardanne, les intervenants ont demand\u00e9 l\u2019arr\u00eat imm\u00e9diat de ce projet qui est une v\u00e9ritable menace pour nos for\u00eats, pour la sant\u00e9 publique, pour la fili\u00e8re bois locale.<\/p>\n<p>Jacques OLIVIER<\/p>\n<p>5 octobre 2014<\/p><\/blockquote>\n","protected":false},"excerpt":{"rendered":"<p>Ce dimanche 5 octobre Jacques OLIVIER \u00e9tait pr\u00e9sent \u00e0 Gardanne pour s\u2019opposer \u00e0 la m\u00e9gacentrale \u00e0 biomasse d\u2019E-ON Malgr\u00e9 un vaste mouvement de contestation citoyenne, malgr\u00e9 l\u2019opposition de 400 communes dans les zones d\u2019approvisionnement, malgr\u00e9 deux recours juridiques d\u00e9pos\u00e9s contre l\u2019autorisation, malgr\u00e9 les fortes critiques exprim\u00e9es par de nombreux experts, syndicats forestiers, \u00e9lus\u2026 la multinationale [&hellip;]<\/p>\n","protected":false},"author":1,"featured_media":0,"comment_status":"open","ping_status":"open","sticky":false,"template":"","format":"standard","meta":{"footnotes":""},"categories":[6],"tags":[],"_links":{"self":[{"href":"http:\/\/www.jacquesolivier.fr\/index.php?rest_route=\/wp\/v2\/posts\/1"}],"collection":[{"href":"http:\/\/www.jacquesolivier.fr\/index.php?rest_route=\/wp\/v2\/posts"}],"about":[{"href":"http:\/\/www.jacquesolivier.fr\/index.php?rest_route=\/wp\/v2\/types\/post"}],"author":[{"embeddable":true,"href":"http:\/\/www.jacquesolivier.fr\/index.php?rest_route=\/wp\/v2\/users\/1"}],"replies":[{"embeddable":true,"href":"http:\/\/www.jacquesolivier.fr\/index.php?rest_route=%2Fwp%2Fv2%2Fcomments&post=1"}],"version-history":[{"count":7,"href":"http:\/\/www.jacquesolivier.fr\/index.php?rest_route=\/wp\/v2\/posts\/1\/revisions"}],"predecessor-version":[{"id":31,"href":"http:\/\/www.jacquesolivier.fr\/index.php?rest_route=\/wp\/v2\/posts\/1\/revisions\/31"}],"wp:attachment":[{"href":"http:\/\/www.jacquesolivier.fr\/index.php?rest_route=%2Fwp%2Fv2%2Fmedia&parent=1"}],"wp:term":[{"taxonomy":"category","embeddable":true,"href":"http:\/\/www.jacquesolivier.fr\/index.php?rest_route=%2Fwp%2Fv2%2Fcategories&post=1"},{"taxonomy":"post_tag","embeddable":true,"href":"http:\/\/www.jacquesolivier.fr\/index.php?rest_route=%2Fwp%2Fv2%2Ftags&post=1"}],"curies":[{"name":"wp","href":"https:\/\/api.w.org\/{rel}","templated":true}]}}