{"id":101,"date":"2016-04-11T20:05:14","date_gmt":"2016-04-11T19:05:14","guid":{"rendered":"http:\/\/www.jacquesolivier.fr\/?p=101"},"modified":"2016-04-11T20:05:14","modified_gmt":"2016-04-11T19:05:14","slug":"budget-2016-de-la-region-paca-cest-lausterite-mais-christian-estrosi-aime-le-ski","status":"publish","type":"post","link":"http:\/\/www.jacquesolivier.fr\/?p=101","title":{"rendered":"Budget 2016 de la R\u00e9gion PACA : C\u2019est l\u2019Aust\u00e9rit\u00e9 mais Christian Estrosi aime le ski."},"content":{"rendered":"<table width=\"100%\">\n<tbody>\n<tr>\n<td width=\"100%\"><strong><em>Un article de Sophie Camard, ancienne co-pr\u00e9sidente du groupe EE-LV \u00e0 la R\u00e9gion Provence Alpes C\u00f4te d&rsquo;Azur.<\/em><\/strong><\/p>\n<p>Des t\u00e9l\u00e9si\u00e8ges du XXI\u00e8me si\u00e8cle : Telle est la priorit\u00e9 inattendue du Budget 2016 de la R\u00e9gion PACA, avec un plan \u00ab\u00a0smart moutains\u00a0\u00bb de 100 Millions \u20ac sur les 5 prochaines ann\u00e9es, et une augmentation \u00e0 cet effet du budget Montagne de 9 Millions \u20ac d\u00e8s cette ann\u00e9e. En allant aux urnes, les \u00e9lecteurs imaginaient-ils que leurs imp\u00f4ts allaient financer des canons \u00e0 neige artificielle ?<\/p>\n<p>L\u2019adaptation des \u00e9conomies de montagne au changement climatique est bien absente des r\u00e9flexions. Le climat, l\u2019environnement, l\u2019\u00e9nergie, font d\u2019ailleurs partie des coupes sombres d\u2019une droite r\u00e9gionale qui n\u2019a rien d\u2019\u00e9cologiste\u00a0: Disparition du programme \u00ab\u00a0AGIR\u00a0\u00bb qui a financ\u00e9 des centaines de projets de transition \u00e9nerg\u00e9tique, r\u00e9duction de moiti\u00e9 des subventions pour l\u2019\u00e9ducation \u00e0 l\u2019environnement, pas de cr\u00e9dits pour les nouveaux parcs naturels r\u00e9gionaux. Les sch\u00e9mas r\u00e9gionaux Climat Air Energie et pour la Biodiversit\u00e9 seront vid\u00e9s de leurs sens et de leurs moyens, \u00e0 contrecourant des engagements de la France lors de la COP 21.<\/p>\n<p>Le budget Formation diminue de 22 Millions \u20ac (-12%). Hors nouveaux lyc\u00e9es (21 Millions), les investissements dans les lyc\u00e9es diminueront de 30 Millions \u20ac (-22%).<\/p>\n<p>M\u00eame le budget de l\u2019Economie diminue (dont le Tourisme et le Num\u00e9rique), contrairement \u00e0 la communication sur la priorit\u00e9 \u00ab\u00a0Emploi\u00a0\u00bb. Le budget de l\u2019Economie Sociale et Solidaire baisse de 25% (-5 M\u20ac). Le fameux \u00ab\u00a0FIER\u00a0\u00bb (Fonds d\u2019Investissement pour les Entreprises de la R\u00e9gion), dot\u00e9 de 93 M\u20ac, n\u2019existe que par red\u00e9ploiement du fonds PACA Investissement, cr\u00e9\u00e9 sous le pr\u00e9c\u00e9dent mandat, et de fonds europ\u00e9ens qui \u00e9taient d\u00e9j\u00e0 fl\u00e9ch\u00e9s sur cet objectif.<\/p>\n<p>La forte augmentation des cr\u00e9dits pour l\u2019apprentissage s\u2019explique par les Campus r\u00e9gionaux d\u00e9cid\u00e9s sous \u00a0 l\u2019ancienne majorit\u00e9 avec les Investissements d\u2019Avenir, dont l\u2019Universit\u00e9 R\u00e9gionale des M\u00e9tiers, qui doit \u00eatre construite d\u2019ici 2018 \u00e0 Marseille (Eurom\u00e9diterran\u00e9e).<\/p>\n<p>Les 44 Millions d\u2019\u00e9conomies annonc\u00e9es sur le fonctionnement ne le sont pas sur le train de vie de l\u2019institution r\u00e9gionale mais bien sur des d\u00e9penses d\u2019intervention. La r\u00e9duction du parc de voitures (par ailleurs n\u00e9cessaire) ou la r\u00e9organisation des Antennes seraient bien loin de repr\u00e9senter autant d\u2019\u00e9conomies\u00a0!<\/p>\n<p>On ne trouvera aucune trace de certaines annonces de Christian Estrosi pendant la campagne\u00a0: le tr\u00e8s farfelu \u00ab\u00a0Plan S\u00e9curit\u00e9\u00a0\u00bb de 250 Millions \u20ac, ou encore le fumeux Institut pour l\u2019Ecologie monnay\u00e9 entre les deux tours, en \u00e9change du soutien de Jean-Marc Governatori (Alliance Ecologiste Ind\u00e9pendante).<\/p>\n<p>Reste une bonne surprise : Le budget reprend les orientations du programme de la R\u00e9gion Coop\u00e9rative pour la culture, comme la sanctuarisation du budget Culture, ou encore la cr\u00e9ation d\u2019une Conf\u00e9rence des Arts et de la Culture.<\/p>\n<p>La suppression d\u2019une mesure forte que nous avions fait voter\u00a0: les p\u00e9nalit\u00e9s financi\u00e8res aux communes carenc\u00e9es en logements sociaux, symbolise bien l\u2019orientation in\u00e9galitaire et lib\u00e9rale de la nouvelle majorit\u00e9.<\/p>\n<p>Ce n\u2019est pas de cette mani\u00e8re que nous d\u00e9velopperons notre R\u00e9gion et que nous ferons reculer le Front National. Une opposition citoyenne, \u00e9cologiste et solidaire, est plus que jamais n\u00e9cessaire\u00a0!<\/p>\n<p><strong>Marseille, le 7 avril 2016, Sophie CAMARD<\/strong><\/td>\n<\/tr>\n<\/tbody>\n<\/table>\n<p>&nbsp;<\/p>\n<p>&nbsp;<\/p>\n","protected":false},"excerpt":{"rendered":"<p>Un article de Sophie Camard, ancienne co-pr\u00e9sidente du groupe EE-LV \u00e0 la R\u00e9gion Provence Alpes C\u00f4te d&rsquo;Azur. Des t\u00e9l\u00e9si\u00e8ges du XXI\u00e8me si\u00e8cle : Telle est la priorit\u00e9 inattendue du Budget 2016 de la R\u00e9gion PACA, avec un plan \u00ab\u00a0smart moutains\u00a0\u00bb de 100 Millions \u20ac sur les 5 prochaines ann\u00e9es, et une augmentation \u00e0 cet effet [&hellip;]<\/p>\n","protected":false},"author":1,"featured_media":0,"comment_status":"closed","ping_status":"open","sticky":false,"template":"","format":"standard","meta":{"footnotes":""},"categories":[14],"tags":[],"_links":{"self":[{"href":"http:\/\/www.jacquesolivier.fr\/index.php?rest_route=\/wp\/v2\/posts\/101"}],"collection":[{"href":"http:\/\/www.jacquesolivier.fr\/index.php?rest_route=\/wp\/v2\/posts"}],"about":[{"href":"http:\/\/www.jacquesolivier.fr\/index.php?rest_route=\/wp\/v2\/types\/post"}],"author":[{"embeddable":true,"href":"http:\/\/www.jacquesolivier.fr\/index.php?rest_route=\/wp\/v2\/users\/1"}],"replies":[{"embeddable":true,"href":"http:\/\/www.jacquesolivier.fr\/index.php?rest_route=%2Fwp%2Fv2%2Fcomments&post=101"}],"version-history":[{"count":2,"href":"http:\/\/www.jacquesolivier.fr\/index.php?rest_route=\/wp\/v2\/posts\/101\/revisions"}],"predecessor-version":[{"id":103,"href":"http:\/\/www.jacquesolivier.fr\/index.php?rest_route=\/wp\/v2\/posts\/101\/revisions\/103"}],"wp:attachment":[{"href":"http:\/\/www.jacquesolivier.fr\/index.php?rest_route=%2Fwp%2Fv2%2Fmedia&parent=101"}],"wp:term":[{"taxonomy":"category","embeddable":true,"href":"http:\/\/www.jacquesolivier.fr\/index.php?rest_route=%2Fwp%2Fv2%2Fcategories&post=101"},{"taxonomy":"post_tag","embeddable":true,"href":"http:\/\/www.jacquesolivier.fr\/index.php?rest_route=%2Fwp%2Fv2%2Ftags&post=101"}],"curies":[{"name":"wp","href":"https:\/\/api.w.org\/{rel}","templated":true}]}}