{"id":105,"date":"2016-04-26T19:54:15","date_gmt":"2016-04-26T18:54:15","guid":{"rendered":"http:\/\/www.jacquesolivier.fr\/?p=105"},"modified":"2016-04-26T19:58:02","modified_gmt":"2016-04-26T18:58:02","slug":"nucleaire-royal","status":"publish","type":"post","link":"http:\/\/www.jacquesolivier.fr\/?p=105","title":{"rendered":"Nucl\u00e9aire Royal !"},"content":{"rendered":"<p>Que repr\u00e9sente une extension de 10 \u00e0 20 km du p\u00e9rim\u00e8tre de s\u00e9curit\u00e9 face \u00e0 un risque nucl\u00e9aire majeur ?&#8230; Pas grand-chose !<\/p>\n<p>Alors que l\u2019Europe comm\u00e9more aujourd&rsquo;hui la trag\u00e9die de Tchernobyl d\u2019il y a tout juste 30 ans, accident majeur qui a fait plus de 100 000 victimes\u00a0et que la catastrophe de Fukushima a montr\u00e9 que d\u2019autres types de r\u00e9acteurs \u00e9taient eux aussi susceptibles d\u2019exploser, la ministre de l\u2019Environnement, de l\u2019\u00c9nergie et de la Mer, S\u00e9gol\u00e8ne Royal, vient d\u2019annoncer l\u2019extension de 10 \u00e0 20 km du p\u00e9rim\u00e8tre particulier d\u2019intervention (PPI) en cas d\u2019accident nucl\u00e9aire en France \u00a0: ce n\u2019est pas un\u00a0exploit !<\/p>\n<p>Cette annonce\u00a0correspond \u00e0 un minima maintenant que l\u2019on a l\u2019exp\u00e9rience des difficult\u00e9s rencontr\u00e9es par les Japonais depuis 2011. Elle\u00a0 d\u00e9montre que l\u2019Etat reconnait une fois de plus que cette \u00e9nergie est dangereuse alors qu\u2019EDF la consid\u00e8re pourtant comme s\u00fbre. Le manque d\u2019envergure des d\u00e9cisions gouvernementales face au risque nucl\u00e9aire traduit surtout sa soumission face au lobby nucl\u00e9aire et son irresponsabilit\u00e9 face aux populations menac\u00e9es.<\/p>\n<p>Que repr\u00e9sente une extension de 10 km du p\u00e9rim\u00e8tre de s\u00e9curit\u00e9 autour des centrales face \u00e0 un risque nucl\u00e9aire majeur ? Pas grand-chose.<\/p>\n<p>Compte tenu du r\u00e9gime a\u00e9rologique local (vitesse des vents du Nord et\/ou d&rsquo;Ouest selon les jours) , Europe Ecologie Les Verts Vaucluse demande \u00a0l\u2019extension du PPI sur\u00a0l&rsquo;ensemble des communes du Vaucluse et demande au Conseil D\u00e9partemental de se saisir de ce dossier, \u00e0 la fois sous l&rsquo;angle de la d\u00e9finition du p\u00e9rim\u00e8tre que sous celui des\u00a0\u00a0actions de pr\u00e9vention et de sensibilisation \u00e0 mener aupr\u00e8s des populations.<\/p>\n<p>Les \u00e9cologistes militent pour la sortie du nucl\u00e9aire et demandent d\u00e8s \u00e0 pr\u00e9sent la diminution de la part d\u2019\u00e9nergie nucl\u00e9aire dans le mix \u00e9nerg\u00e9tique fran\u00e7ais. R\u00e9duction pourtant inscrite dans la loi de transition \u00e9nerg\u00e9tique, mais toujours pas programm\u00e9e dans le Plan pluriannuel sur l\u201d\u00e9nergie (PPE).<\/p>\n<p>\u2014<\/p>\n<p>Serge Marolleau, 06 83 07 17 70<\/p>\n<p>Annne-Isabelle Lacordaire, \u00a007 81 14 61 34<\/p>\n<p>porte-parole EELV du Vaucluse,<\/p>\n<p>pour les groupes locaux d\u2019Europe Ecologie Les Verts du Vaucluse<\/p>\n<p>&nbsp;<\/p>\n<p>&nbsp;<\/p>\n","protected":false},"excerpt":{"rendered":"<p>Que repr\u00e9sente une extension de 10 \u00e0 20 km du p\u00e9rim\u00e8tre de s\u00e9curit\u00e9 face \u00e0 un risque nucl\u00e9aire majeur ?&#8230; Pas grand-chose ! Alors que l\u2019Europe comm\u00e9more aujourd&rsquo;hui la trag\u00e9die de Tchernobyl d\u2019il y a tout juste 30 ans, accident majeur qui a fait plus de 100 000 victimes\u00a0et que la catastrophe de Fukushima a [&hellip;]<\/p>\n","protected":false},"author":1,"featured_media":0,"comment_status":"closed","ping_status":"open","sticky":false,"template":"","format":"standard","meta":{"footnotes":""},"categories":[15],"tags":[],"_links":{"self":[{"href":"http:\/\/www.jacquesolivier.fr\/index.php?rest_route=\/wp\/v2\/posts\/105"}],"collection":[{"href":"http:\/\/www.jacquesolivier.fr\/index.php?rest_route=\/wp\/v2\/posts"}],"about":[{"href":"http:\/\/www.jacquesolivier.fr\/index.php?rest_route=\/wp\/v2\/types\/post"}],"author":[{"embeddable":true,"href":"http:\/\/www.jacquesolivier.fr\/index.php?rest_route=\/wp\/v2\/users\/1"}],"replies":[{"embeddable":true,"href":"http:\/\/www.jacquesolivier.fr\/index.php?rest_route=%2Fwp%2Fv2%2Fcomments&post=105"}],"version-history":[{"count":4,"href":"http:\/\/www.jacquesolivier.fr\/index.php?rest_route=\/wp\/v2\/posts\/105\/revisions"}],"predecessor-version":[{"id":109,"href":"http:\/\/www.jacquesolivier.fr\/index.php?rest_route=\/wp\/v2\/posts\/105\/revisions\/109"}],"wp:attachment":[{"href":"http:\/\/www.jacquesolivier.fr\/index.php?rest_route=%2Fwp%2Fv2%2Fmedia&parent=105"}],"wp:term":[{"taxonomy":"category","embeddable":true,"href":"http:\/\/www.jacquesolivier.fr\/index.php?rest_route=%2Fwp%2Fv2%2Fcategories&post=105"},{"taxonomy":"post_tag","embeddable":true,"href":"http:\/\/www.jacquesolivier.fr\/index.php?rest_route=%2Fwp%2Fv2%2Ftags&post=105"}],"curies":[{"name":"wp","href":"https:\/\/api.w.org\/{rel}","templated":true}]}}