{"id":111,"date":"2016-04-28T22:11:17","date_gmt":"2016-04-28T21:11:17","guid":{"rendered":"http:\/\/www.jacquesolivier.fr\/?p=111"},"modified":"2016-04-28T22:11:17","modified_gmt":"2016-04-28T21:11:17","slug":"projet-de-fusion-nucleaire-iter-le-parlement-europeen-refuse-de-cautionner-le-gaspillage-dargent-public","status":"publish","type":"post","link":"http:\/\/www.jacquesolivier.fr\/?p=111","title":{"rendered":"Projet de fusion nucl\u00e9aire ITER : le Parlement europ\u00e9en refuse de cautionner le gaspillage d\u2019argent public"},"content":{"rendered":"<h2 class=\"singleh2\"><\/h2>\n<div class=\"date-comments\">\n<p class=\"fl\">28 avr 2016<\/p>\n<\/div>\n<p>Le Parlement europ\u00e9en a refus\u00e9 par 594 voix, ce jeudi 28 avril 2016, de voter la d\u00e9charge budg\u00e9taire (1) au projet de fusion nucl\u00e9aire ITER. Dans leur rapport, les parlementaires s\u2019inqui\u00e8tent du d\u00e9passement des co\u00fbts, du retard et de la mauvaise gestion concernant ce projet, et exigent de la Commission et d\u2019ITER qu\u2019ils leur rendent des comptes dans les 6 prochains mois.<\/p>\n<p>Pour Mich\u00e8le RIVASI, Vice-Pr\u00e9sidente du Groupe Verts\/ALE :<br \/>\n<em><br \/>\n\u00ab La gabegie engendr\u00e9e par ITER est enfin devenue une r\u00e9alit\u00e9 pour la grande majorit\u00e9 des eurod\u00e9put\u00e9s. Il \u00e9tait grand temps que le Parlement mette un frein \u00e0 l\u2019irresponsabilit\u00e9 de l\u2019agence Fusion for Energy g\u00e9rant la contribution de l\u2019UE au projet ITER . L\u2019an dernier la Commission du contr\u00f4le budg\u00e9taire du Parlement europ\u00e9en avait d\u00e9j\u00e0 propos\u00e9 le rejet de la d\u00e9charge du budget d\u2019ITER, mais le Parlement n\u2019avait pas suivi en session pl\u00e9ni\u00e8re. Le budget europ\u00e9en allou\u00e9 \u00e0 ITER pour la p\u00e9riode 2014-2020 a pourtant bien des raisons de susciter toute l\u2019attention des eurod\u00e9put\u00e9s : il s\u2019\u00e9l\u00e8ve \u00e0 pr\u00e8s de 3 milliards d\u2019euros, plus que le budget initial pr\u00e9vu dans les ann\u00e9es 2000 ! Ainsi, le co\u00fbt d\u2019ITER est pass\u00e9 de 5 \u00e0 16 milliards d\u2019euros (pour la seule construction) soit plus de trois fois les estimations de 2006.<\/em><\/p>\n<p><em>Comme d\u2019habitude les projets de recherche sur le nucl\u00e9aire disposent de budgets bien plus cons\u00e9quents que les solutions technologiques permettant de lutter rapidement contre le changement climatique : l\u2019application commerciale d\u2019ITER, si elle existe un jour, ne d\u00e9butera pas avant la fin du si\u00e8cle. Et \u00e0 la vitesse \u00e0 laquelle le changement climatique s\u2019acc\u00e9l\u00e8re, on comprend difficilement en quoi un tel projet peut \u00eatre consid\u00e9r\u00e9 comme prioritaire. Cette logique de favoritisme pour ITER a par ailleurs un impact sur les priorit\u00e9s des \u00c9tats-membres en mati\u00e8re de recherche : la gronde commence \u00e0 se faire entendre parmi les chercheurs fran\u00e7ais dont les budgets sont rabot\u00e9s au profit d\u2019ITER. En effet, la France finance 20% de la part europ\u00e9enne (environ 1,5 milliards d\u2019euros) car nous avons eu le privil\u00e8ge d\u2019accueillir ce projet dans notre pays, un haut fait du Pr\u00e9sident Chirac qui assurait que le risque nucl\u00e9aire sur l\u2019une des failles sismique les plus actives de France n\u2019\u00e9tait pas inqui\u00e9tant\u00bb. <\/em><\/p>\n<p>Et l\u2019eurod\u00e9put\u00e9e de conclure : <em>\u00ab Les \u00e9cologistes alertent depuis de nombreuses ann\u00e9es sur les risques et d\u00e9fauts de la fusion nucl\u00e9aire et, notamment, sur le risque de disruption du plasma, un probl\u00e8me qui n\u2019a toujours pas trouv\u00e9 de solution. Quand l\u2019impasse technologique rejoint le gouffre budg\u00e9taire, il devient n\u00e9cessaire de prendre ses responsabilit\u00e9s. Et d\u2019arr\u00eater les frais \u00bb.<\/em><\/p>\n<p>(1) Par le vote ou le rejet de la d\u00e9charge budg\u00e9taire, le Parlement europ\u00e9en valide ou non les comptes de la Commission europ\u00e9enne et des autres institutions et agences europ\u00e9ennes, dont fait partie ITER. Si les eurod\u00e9put\u00e9s refusent de voter la d\u00e9charge \u00e0 une institution ou une agence de l\u2019UE, celle-ci a alors 6 mois pour r\u00e9pondre aux questions des eurod\u00e9put\u00e9s. Ceux-ci se prononcent alors d\u00e9finitivement \u00e0 l\u2019automne de la m\u00eame ann\u00e9e. Le Parlement europ\u00e9en a refus\u00e9 \u00e0 plusieurs reprises d\u2019accorder la d\u00e9charge budg\u00e9taire de plusieurs agences et organes de l\u2019UE, dont deux fois pour la Commission europ\u00e9enne en 1984 (pour l\u2019ann\u00e9e financi\u00e8re de 1982) et en 1998 (pour l\u2019ann\u00e9e financi\u00e8re de 1996, ce qui a d\u00e9bouch\u00e9 sur la d\u00e9mission de la Commission Santer).<\/p>\n","protected":false},"excerpt":{"rendered":"<p>28 avr 2016 Le Parlement europ\u00e9en a refus\u00e9 par 594 voix, ce jeudi 28 avril 2016, de voter la d\u00e9charge budg\u00e9taire (1) au projet de fusion nucl\u00e9aire ITER. Dans leur rapport, les parlementaires s\u2019inqui\u00e8tent du d\u00e9passement des co\u00fbts, du retard et de la mauvaise gestion concernant ce projet, et exigent de la Commission et d\u2019ITER [&hellip;]<\/p>\n","protected":false},"author":1,"featured_media":0,"comment_status":"closed","ping_status":"open","sticky":false,"template":"","format":"standard","meta":{"footnotes":""},"categories":[15],"tags":[],"_links":{"self":[{"href":"http:\/\/www.jacquesolivier.fr\/index.php?rest_route=\/wp\/v2\/posts\/111"}],"collection":[{"href":"http:\/\/www.jacquesolivier.fr\/index.php?rest_route=\/wp\/v2\/posts"}],"about":[{"href":"http:\/\/www.jacquesolivier.fr\/index.php?rest_route=\/wp\/v2\/types\/post"}],"author":[{"embeddable":true,"href":"http:\/\/www.jacquesolivier.fr\/index.php?rest_route=\/wp\/v2\/users\/1"}],"replies":[{"embeddable":true,"href":"http:\/\/www.jacquesolivier.fr\/index.php?rest_route=%2Fwp%2Fv2%2Fcomments&post=111"}],"version-history":[{"count":1,"href":"http:\/\/www.jacquesolivier.fr\/index.php?rest_route=\/wp\/v2\/posts\/111\/revisions"}],"predecessor-version":[{"id":112,"href":"http:\/\/www.jacquesolivier.fr\/index.php?rest_route=\/wp\/v2\/posts\/111\/revisions\/112"}],"wp:attachment":[{"href":"http:\/\/www.jacquesolivier.fr\/index.php?rest_route=%2Fwp%2Fv2%2Fmedia&parent=111"}],"wp:term":[{"taxonomy":"category","embeddable":true,"href":"http:\/\/www.jacquesolivier.fr\/index.php?rest_route=%2Fwp%2Fv2%2Fcategories&post=111"},{"taxonomy":"post_tag","embeddable":true,"href":"http:\/\/www.jacquesolivier.fr\/index.php?rest_route=%2Fwp%2Fv2%2Ftags&post=111"}],"curies":[{"name":"wp","href":"https:\/\/api.w.org\/{rel}","templated":true}]}}