{"id":114,"date":"2016-05-14T21:59:36","date_gmt":"2016-05-14T20:59:36","guid":{"rendered":"http:\/\/www.jacquesolivier.fr\/?p=114"},"modified":"2016-05-14T22:07:00","modified_gmt":"2016-05-14T21:07:00","slug":"les-senateurs-ont-eu-a-se-prononcer-sur-linterdiction-des-neonicotinoides-au-plus-tard-le-1er-juillet-2020-vos-elus-ont-ils-soutenu-ou-rejete-cette-interdiction","status":"publish","type":"post","link":"http:\/\/www.jacquesolivier.fr\/?p=114","title":{"rendered":"Les s\u00e9nateurs ont eu \u00e0 se prononcer sur \u00ab\u00a0l&rsquo;interdiction des n\u00e9onicotino\u00efdes, au plus tard le 1er juillet 2020\u00a0\u00bb. Vos \u00e9lus ont ils soutenu ou rejet\u00e9 cette interdiction ?"},"content":{"rendered":"<p><strong>D\u00e9couvrez les \u00ab\u00a0s\u00e9naTUEURS\u00a0\u00bb d&rsquo;abeilles&#8230;<\/strong><\/p>\n<p>Chers amis, ch\u00e8res amies,<\/p>\n<p style=\"text-align: justify;\"><strong>750 abeilles meurent chaque seconde en France depuis l&rsquo;apparition des insecticides n\u00e9onicotino\u00efdes.<\/strong> Pourtant, le 12 mai 2016,\u00a0<strong>une majorit\u00e9 de s\u00e9nateurs s&rsquo;est oppos\u00e9e \u00e0 l&rsquo;interdiction totale des insecticides n\u00e9onicotino\u00efdes, dit \u00ab\u00a0tueurs d&rsquo;abeilles\u00a0\u00bb<\/strong>.<\/p>\n<p style=\"text-align: justify;\">M\u00eame la date lointaine de 2020 (plut\u00f4t que celle de 2018 vot\u00e9e par les d\u00e9put\u00e9s), a \u00e9t\u00e9 rejet\u00e9e par une majorit\u00e9 de \u00ab\u00a0s\u00e9naTUEURS d&rsquo;abeilles\u00a0\u00bb !!!<\/p>\n<p style=\"text-align: justify;\">Il est temps que les s\u00e9nateurs assument leurs responsabilit\u00e9s. L&rsquo;opacit\u00e9 entourant les d\u00e9bats semble amener certains \u00e9lus \u00e0 se comporter en fid\u00e8le porte-parole du lobby agro-chimique. <strong>Fort de ce constat, Agir pour l&rsquo;Environnement a d\u00e9cid\u00e9 de rendre public un trombinoscope des \u00ab\u00a0s\u00e9naTUEURS d&rsquo;abeilles\u00a0\u00bb.\u00a0<\/strong><\/p>\n<div class=\"container\">\n<div class=\"main\">\n<ul class=\"og-grid\">\n<ul class=\"og-grid\">\n<li class=\"item vaucluse defavorable\"><a href=\"http:\/\/reponses.agirpourlenvironnement.org\/neonicotinoides-senateurs\/\" data-description3=\"\" data-description2=\"\" data-description=\"\" data-courriel=\"alain.dufaut@wanadoo.fr\" data-twitter=\"\" data-fonction=\"\" data-title_date=\"\" data-title=\"Dufaut Alain\" data-largesrc=\"\"><img decoding=\"async\" src=\"http:\/\/reponses.agirpourlenvironnement.org\/neonicotinoides\/wp-content\/themes\/petition-ape\/senateurs\/dufaut_alain87003b.jpg\" alt=\"img01\" \/><\/a>\n<p class=\"nom_depute link_elu\">@Dufaut Alain<\/p>\n<\/li>\n<li class=\"item vaucluse defavorable\">\n<p class=\"nom_depute link_elu\"><strong>Contre<\/strong><\/p>\n<\/li>\n<\/ul>\n<\/ul>\n<ul class=\"og-grid\">\n<ul class=\"og-grid\">\n<li class=\"item vaucluse avec-reserve\"><a href=\"http:\/\/reponses.agirpourlenvironnement.org\/neonicotinoides-senateurs\/\" data-description3=\"\" data-description2=\"\" data-description=\"\" data-courriel=\"c.haut@wanadoo.fr\" data-twitter=\"\" data-fonction=\"\" data-title_date=\"\" data-title=\"Haut Claude\" data-largesrc=\"\"><img decoding=\"async\" src=\"http:\/\/reponses.agirpourlenvironnement.org\/neonicotinoides\/wp-content\/themes\/petition-ape\/senateurs\/haut_claude95037j.jpg\" alt=\"img01\" \/><\/a>\n<p class=\"nom_depute link_elu\">@Haut Claude<\/p>\n<\/li>\n<li class=\"item vaucluse avec-reserve\">\n<p class=\"nom_depute link_elu\"><strong>Abstention<\/strong><\/p>\n<\/li>\n<\/ul>\n<\/ul>\n<p><span class=\"Apple-converted-space\">\u00a0<\/span><\/p>\n<ul id=\"og-grid\" class=\"og-grid\">\n<li class=\"item vaucluse defavorable\"><a href=\"http:\/\/reponses.agirpourlenvironnement.org\/neonicotinoides-senateurs\/\" data-description3=\"\" data-description2=\"\" data-description=\"\" data-courriel=\"a.milon@senat.fr\" data-twitter=\"SenateurMilon\" data-fonction=\"\" data-title_date=\"\" data-title=\"Milon Alain\" data-largesrc=\"\"><img decoding=\"async\" src=\"http:\/\/reponses.agirpourlenvironnement.org\/neonicotinoides\/wp-content\/themes\/petition-ape\/senateurs\/milon_alain04092n.jpg\" alt=\"img01\" \/><\/a>\n<p class=\"nom_depute link_elu\">@Milon Alain<\/p>\n<\/li>\n<li class=\"item vaucluse defavorable\">\n<p class=\"nom_depute link_elu\"><strong>Contre<\/strong><\/p>\n<\/li>\n<\/ul>\n<\/div>\n<\/div>\n","protected":false},"excerpt":{"rendered":"<p>D\u00e9couvrez les \u00ab\u00a0s\u00e9naTUEURS\u00a0\u00bb d&rsquo;abeilles&#8230; Chers amis, ch\u00e8res amies, 750 abeilles meurent chaque seconde en France depuis l&rsquo;apparition des insecticides n\u00e9onicotino\u00efdes. Pourtant, le 12 mai 2016,\u00a0une majorit\u00e9 de s\u00e9nateurs s&rsquo;est oppos\u00e9e \u00e0 l&rsquo;interdiction totale des insecticides n\u00e9onicotino\u00efdes, dit \u00ab\u00a0tueurs d&rsquo;abeilles\u00a0\u00bb. M\u00eame la date lointaine de 2020 (plut\u00f4t que celle de 2018 vot\u00e9e par les d\u00e9put\u00e9s), a [&hellip;]<\/p>\n","protected":false},"author":1,"featured_media":0,"comment_status":"closed","ping_status":"open","sticky":false,"template":"","format":"standard","meta":{"footnotes":""},"categories":[16],"tags":[],"_links":{"self":[{"href":"http:\/\/www.jacquesolivier.fr\/index.php?rest_route=\/wp\/v2\/posts\/114"}],"collection":[{"href":"http:\/\/www.jacquesolivier.fr\/index.php?rest_route=\/wp\/v2\/posts"}],"about":[{"href":"http:\/\/www.jacquesolivier.fr\/index.php?rest_route=\/wp\/v2\/types\/post"}],"author":[{"embeddable":true,"href":"http:\/\/www.jacquesolivier.fr\/index.php?rest_route=\/wp\/v2\/users\/1"}],"replies":[{"embeddable":true,"href":"http:\/\/www.jacquesolivier.fr\/index.php?rest_route=%2Fwp%2Fv2%2Fcomments&post=114"}],"version-history":[{"count":1,"href":"http:\/\/www.jacquesolivier.fr\/index.php?rest_route=\/wp\/v2\/posts\/114\/revisions"}],"predecessor-version":[{"id":115,"href":"http:\/\/www.jacquesolivier.fr\/index.php?rest_route=\/wp\/v2\/posts\/114\/revisions\/115"}],"wp:attachment":[{"href":"http:\/\/www.jacquesolivier.fr\/index.php?rest_route=%2Fwp%2Fv2%2Fmedia&parent=114"}],"wp:term":[{"taxonomy":"category","embeddable":true,"href":"http:\/\/www.jacquesolivier.fr\/index.php?rest_route=%2Fwp%2Fv2%2Fcategories&post=114"},{"taxonomy":"post_tag","embeddable":true,"href":"http:\/\/www.jacquesolivier.fr\/index.php?rest_route=%2Fwp%2Fv2%2Ftags&post=114"}],"curies":[{"name":"wp","href":"https:\/\/api.w.org\/{rel}","templated":true}]}}