{"id":117,"date":"2016-05-23T20:33:15","date_gmt":"2016-05-23T19:33:15","guid":{"rendered":"http:\/\/www.jacquesolivier.fr\/?p=117"},"modified":"2016-05-23T20:33:15","modified_gmt":"2016-05-23T19:33:15","slug":"autriche-elections-presidentielles-un-ecologiste-elu-president-de-la-republique","status":"publish","type":"post","link":"http:\/\/www.jacquesolivier.fr\/?p=117","title":{"rendered":"Autriche : \u00c9lections pr\u00e9sidentielles : un \u00e9cologiste \u00e9lu pr\u00e9sident de la r\u00e9publique"},"content":{"rendered":"<p>R\u00e9action de <strong>Philippe LAMBERTS<\/strong>, Pr\u00e9sident du groupe Verts-ALE:<\/p>\n<p><em>\u00ab\u00a0<\/em> C&rsquo;est confirm\u00e9 : l&rsquo;ancien d\u00e9put\u00e9 et pr\u00e9sident du parti vert autrichien Alexander Van der Bellen a \u00e9t\u00e9 \u00e9lu de justesse pr\u00e9sident de la R\u00e9publique. Le d\u00e9compte des votes par correspondance a invers\u00e9 le rapport de forces avec son concurrent d&rsquo;extr\u00eame-droite Norbert Hofer.<\/p>\n<p>La victoire d&rsquo;Alexander Van der Bellen est d&rsquo;autant plus heureuse qu&rsquo;elle \u00e9tait loin d&rsquo;aller de soi. La qualification pour le second tour d&rsquo;un candidat \u00e9cologiste relevait d\u00e9j\u00e0 de l&rsquo;exploit en rel\u00e9guant ceux des partis traditionnels chr\u00e9tien-d\u00e9mocrate et social-d\u00e9mocrate, \u00a0en quatri\u00e8me et cinqui\u00e8me places. Son \u00e9lection confirme l&rsquo;exploit, d&rsquo;autant que ces partis traditionnels s&rsquo;\u00e9taient abstenus de toute consigne de vote : en clair, pour eux il \u00e9tait aussi inacceptable (ou aussi acceptable) de voter pour un candidat d&rsquo;extr\u00eame droite que pour un \u00e9cologiste. Cela en dit long sur la confusion id\u00e9ologique dans laquelle sont tomb\u00e9s ces partis, lesquels se sont de plus en plus laiss\u00e9s dicter leur agenda par l&rsquo;extr\u00eame droite.<\/p>\n<p>Au-del\u00e0 du soulagement, le fait qu&rsquo;au c\u0153ur m\u00eame de l&rsquo;Europe, trois quarts de si\u00e8cle apr\u00e8s la fin de la deuxi\u00e8me guerre mondiale, quasi 50% des citoyens fassent le choix d&rsquo;un parti d&rsquo;extr\u00eame droite ne peut que nous inqui\u00e9ter, d&rsquo;autant que sans atteindre ce niveau, les alli\u00e9s d\u00e9clar\u00e9s ou objectifs du FP\u00d6 de Norbert Hofer et Heinz-Christian Strache progressent partout en Europe.<\/p>\n<p>Cet affrontement au sommet entre un projet de soci\u00e9t\u00e9 \u00e9cologiste, fonci\u00e8rement d\u00e9mocratique, fond\u00e9 sur l&rsquo;espoir, tourn\u00e9 vers l&rsquo;avenir et un projet de soci\u00e9t\u00e9 d&rsquo;extr\u00eame-droite fond\u00e9 sur la peur et pr\u00f4nant le repli sur soi, pr\u00e9figure le choix auquel sont confront\u00e9s celles et ceux qui rejettent les partis traditionnels. \u00a0Des partis qui, les uns apr\u00e8s les autres, ont rejoint le consensus de la pens\u00e9e unique n\u00e9o-lib\u00e9rale et \u00e9vacu\u00e9 le projet politique de r\u00e9alisation d&rsquo;une d\u00e9mocratie europ\u00e9enne post-nationale. Aux \u00e9cologistes europ\u00e9ens \u00e0 pr\u00e9sent d&rsquo;\u00eatre \u00e0 la hauteur de leurs coll\u00e8gues autrichiens et d&rsquo;incarner l&rsquo;alternative \u00e0 la fois cr\u00e9dible et d\u00e9sirable pour une soci\u00e9t\u00e9 plus juste, plus durable et d\u00e9mocratique. \u00a0\u00bb<\/p>\n<p>&#8212;&#8212;&#8212;<\/p>\n","protected":false},"excerpt":{"rendered":"<p>R\u00e9action de Philippe LAMBERTS, Pr\u00e9sident du groupe Verts-ALE: \u00ab\u00a0 C&rsquo;est confirm\u00e9 : l&rsquo;ancien d\u00e9put\u00e9 et pr\u00e9sident du parti vert autrichien Alexander Van der Bellen a \u00e9t\u00e9 \u00e9lu de justesse pr\u00e9sident de la R\u00e9publique. Le d\u00e9compte des votes par correspondance a invers\u00e9 le rapport de forces avec son concurrent d&rsquo;extr\u00eame-droite Norbert Hofer. La victoire d&rsquo;Alexander Van [&hellip;]<\/p>\n","protected":false},"author":1,"featured_media":0,"comment_status":"closed","ping_status":"open","sticky":false,"template":"","format":"standard","meta":{"footnotes":""},"categories":[17],"tags":[],"_links":{"self":[{"href":"http:\/\/www.jacquesolivier.fr\/index.php?rest_route=\/wp\/v2\/posts\/117"}],"collection":[{"href":"http:\/\/www.jacquesolivier.fr\/index.php?rest_route=\/wp\/v2\/posts"}],"about":[{"href":"http:\/\/www.jacquesolivier.fr\/index.php?rest_route=\/wp\/v2\/types\/post"}],"author":[{"embeddable":true,"href":"http:\/\/www.jacquesolivier.fr\/index.php?rest_route=\/wp\/v2\/users\/1"}],"replies":[{"embeddable":true,"href":"http:\/\/www.jacquesolivier.fr\/index.php?rest_route=%2Fwp%2Fv2%2Fcomments&post=117"}],"version-history":[{"count":1,"href":"http:\/\/www.jacquesolivier.fr\/index.php?rest_route=\/wp\/v2\/posts\/117\/revisions"}],"predecessor-version":[{"id":118,"href":"http:\/\/www.jacquesolivier.fr\/index.php?rest_route=\/wp\/v2\/posts\/117\/revisions\/118"}],"wp:attachment":[{"href":"http:\/\/www.jacquesolivier.fr\/index.php?rest_route=%2Fwp%2Fv2%2Fmedia&parent=117"}],"wp:term":[{"taxonomy":"category","embeddable":true,"href":"http:\/\/www.jacquesolivier.fr\/index.php?rest_route=%2Fwp%2Fv2%2Fcategories&post=117"},{"taxonomy":"post_tag","embeddable":true,"href":"http:\/\/www.jacquesolivier.fr\/index.php?rest_route=%2Fwp%2Fv2%2Ftags&post=117"}],"curies":[{"name":"wp","href":"https:\/\/api.w.org\/{rel}","templated":true}]}}