{"id":126,"date":"2016-12-13T08:29:28","date_gmt":"2016-12-13T07:29:28","guid":{"rendered":"http:\/\/www.jacquesolivier.fr\/?p=126"},"modified":"2016-12-13T08:29:28","modified_gmt":"2016-12-13T07:29:28","slug":"les-promesses-nengagent-que-ceux-qui-y-croient","status":"publish","type":"post","link":"http:\/\/www.jacquesolivier.fr\/?p=126","title":{"rendered":"Les promesses n&rsquo;engagent que ceux qui y croient."},"content":{"rendered":"<p style=\"text-align: justify;\">Ce\u00a0mardi 13 d\u00e9cembre 2016\u00a0aura lieu \u00e0 19 heures le Conseil municipal.<\/p>\n<p style=\"text-align: justify;\">A\u00a0cette occasion, les \u00e9lus d\u00e9battront des Orientations Budg\u00e9taires pour le budget 2017.<\/p>\n<p style=\"text-align: justify;\">Ce sera l\u2019occasion de d\u00e9couvrir, entre autres, que les imp\u00f4ts des Thorois vont augmenter, en 2017, de <strong>12% pour la taxe d\u2019habitation, 10% pour le Foncier B\u00e2ti, 2,3% pour le foncier non b\u00e2ti<\/strong>. De plus l\u2019endettement va repartir fortement \u00e0 la hausse et les services publics en prennent un coup.<\/p>\n<p style=\"text-align: justify;\">Pour la taxe d\u2019habitation, l\u2019augmentation pr\u00e9vue en une seule fois est sup\u00e9rieure \u00e0 l\u2019augmentation des taux entre 2009 et 2014. (5 ans)<\/p>\n<p style=\"text-align: justify;\">Pour la taxe Foncier B\u00e2ti, l\u2019augmentation pr\u00e9vue en une seule fois \u00e9quivaut \u00e0 l\u2019augmentation des taux entre 2009 et 2014. (5 ans)<\/p>\n<p style=\"text-align: justify;\">Pour la taxe Foncier non b\u00e2ti, l\u2019augmentation pr\u00e9vue en une seule fois \u00e9quivaut \u00e0 l\u2019augmentation des taux entre 2011 et 2014 (3 ans)<\/p>\n<p style=\"text-align: justify;\">Les Thorois appr\u00e9cieront, au vu des promesses faites par le candidat Bayon de Noyer lors des municipales de 2014. (voir sa plaquette de campagne : \u201cnous programmerons l\u2019arr\u00eat imm\u00e9diat de toute hausse des taux des taxes locales&#8230;\u201d et par Patrick Gay : \u201c il sera mis fin \u00e0 toute augmentation du taux des taxes locales\u201d.)<\/p>\n<p style=\"text-align: justify;\">Thoroises et thorois, M le maire revient sur ses promesses de campagne et vous propose la triple peine : augmentation stup\u00e9fiante des imp\u00f4ts, un endettement qui repart \u00e0 la hausse et des services publics locaux de plus en plus r\u00e9duit.<\/p>\n","protected":false},"excerpt":{"rendered":"<p>Ce\u00a0mardi 13 d\u00e9cembre 2016\u00a0aura lieu \u00e0 19 heures le Conseil municipal. A\u00a0cette occasion, les \u00e9lus d\u00e9battront des Orientations Budg\u00e9taires pour le budget 2017. Ce sera l\u2019occasion de d\u00e9couvrir, entre autres, que les imp\u00f4ts des Thorois vont augmenter, en 2017, de 12% pour la taxe d\u2019habitation, 10% pour le Foncier B\u00e2ti, 2,3% pour le foncier non [&hellip;]<\/p>\n","protected":false},"author":1,"featured_media":0,"comment_status":"closed","ping_status":"open","sticky":false,"template":"","format":"standard","meta":{"footnotes":""},"categories":[12],"tags":[],"_links":{"self":[{"href":"http:\/\/www.jacquesolivier.fr\/index.php?rest_route=\/wp\/v2\/posts\/126"}],"collection":[{"href":"http:\/\/www.jacquesolivier.fr\/index.php?rest_route=\/wp\/v2\/posts"}],"about":[{"href":"http:\/\/www.jacquesolivier.fr\/index.php?rest_route=\/wp\/v2\/types\/post"}],"author":[{"embeddable":true,"href":"http:\/\/www.jacquesolivier.fr\/index.php?rest_route=\/wp\/v2\/users\/1"}],"replies":[{"embeddable":true,"href":"http:\/\/www.jacquesolivier.fr\/index.php?rest_route=%2Fwp%2Fv2%2Fcomments&post=126"}],"version-history":[{"count":1,"href":"http:\/\/www.jacquesolivier.fr\/index.php?rest_route=\/wp\/v2\/posts\/126\/revisions"}],"predecessor-version":[{"id":127,"href":"http:\/\/www.jacquesolivier.fr\/index.php?rest_route=\/wp\/v2\/posts\/126\/revisions\/127"}],"wp:attachment":[{"href":"http:\/\/www.jacquesolivier.fr\/index.php?rest_route=%2Fwp%2Fv2%2Fmedia&parent=126"}],"wp:term":[{"taxonomy":"category","embeddable":true,"href":"http:\/\/www.jacquesolivier.fr\/index.php?rest_route=%2Fwp%2Fv2%2Fcategories&post=126"},{"taxonomy":"post_tag","embeddable":true,"href":"http:\/\/www.jacquesolivier.fr\/index.php?rest_route=%2Fwp%2Fv2%2Ftags&post=126"}],"curies":[{"name":"wp","href":"https:\/\/api.w.org\/{rel}","templated":true}]}}