{"id":128,"date":"2016-12-19T18:55:49","date_gmt":"2016-12-19T17:55:49","guid":{"rendered":"http:\/\/www.jacquesolivier.fr\/?p=128"},"modified":"2016-12-19T19:02:23","modified_gmt":"2016-12-19T18:02:23","slug":"compte-rendu-du-cm-du-13-decembre-2016-dob-2017","status":"publish","type":"post","link":"http:\/\/www.jacquesolivier.fr\/?p=128","title":{"rendered":"Compte rendu du CM du 13 d\u00e9cembre 2016 (DOB 2017)"},"content":{"rendered":"<p align=\"JUSTIFY\"><span style=\"color: #000000;\"><span style=\"font-family: Avenir Next Demi Bold, serif;\"><span style=\"font-size: small;\"><span style=\"text-decoration: underline;\"><b>Compte-rendu de la r\u00e9union du Conseil Municipal du 13\/12\/2016\u00a0<\/b><\/span>\u00a0\u00a0 <span style=\"color: #0000ff;\">(En bleu, les commentaires des \u00e9lus de la liste \u00a0\u00ab\u00a0Dynamique et Solidaire\u00a0\u00bb)<\/span><\/span><\/span><\/span><\/p>\n<p align=\"JUSTIFY\"><span style=\"color: #000000;\"><span style=\"font-family: Avenir Next Demi Bold, serif;\"><span style=\"font-size: small;\"><span style=\"text-decoration: underline;\"><b>D\u00e9cisions du Maire<\/b><\/span><\/span><\/span><\/span><\/p>\n<p align=\"JUSTIFY\"><span style=\"color: #000000;\"><span style=\"font-family: Avenir Next Regular, serif;\"><span style=\"font-size: small;\">2016-120, March\u00e9 pour l&rsquo;\u00e9tablissement d&rsquo;un sch\u00e9ma directeur d&rsquo;assainissement des eaux pluviales des zones urbanis\u00e9es et d&rsquo;urbanisation future de la commune<\/span><\/span><\/span><\/p>\n<p align=\"JUSTIFY\"><span style=\"color: #000000;\"><span style=\"font-family: Avenir Next Regular, serif;\"><span style=\"font-size: small;\">D&amp;S<\/span><\/span><\/span><span style=\"color: #000000;\"><span style=\"font-family: Avenir Next Regular, serif;\"><span style=\"font-size: small;\"> : Le march\u00e9 pr\u00e9voit une tranche ferme pour un montant de 59 889\u20acTTc et deux tranches conditionnelles pour 3594\u20ac et 11754\u20ac TTC, \u00e0 quoi correspondent ces tranches additionnelles ?<\/span><\/span><\/span><\/p>\n<p align=\"JUSTIFY\"><span style=\"color: #000000;\"><span style=\"font-family: Avenir Next Regular, serif;\"><span style=\"font-size: small;\">Christian ROYER :<\/span><\/span><\/span><\/p>\n<p align=\"JUSTIFY\"><span style=\"color: #000000;\"><span style=\"font-family: Avenir Next Regular, serif;\"><span style=\"font-size: small;\">Elles concernent l&rsquo;\u00e9laboration d&rsquo;un guide \u00e0 l&rsquo;attention des usagers et la r\u00e9daction du dossier Loi sur l&rsquo;eau qui seront r\u00e9alis\u00e9s ult\u00e9rieurement.<\/span><\/span><\/span><\/p>\n<p align=\"JUSTIFY\"><span style=\"color: #000000;\"><span style=\"font-family: Avenir Next Regular, serif;\"><span style=\"font-size: small;\">2016-123 March\u00e9 de ma\u00eetrise d&rsquo;\u0153uvre pour l&rsquo;am\u00e9nagement de la nouvelle poste et des bureaux administratifs, d\u00e9faillance du co-traitant et reprise des missions de ce dernier par le titulaire<\/span><\/span><\/span><\/p>\n<p align=\"JUSTIFY\"><span style=\"color: #000000;\"><span style=\"font-family: Avenir Next Regular, serif;\"><span style=\"font-size: small;\">D&amp;S<\/span><\/span><\/span><span style=\"color: #000000;\"><span style=\"font-family: Avenir Next Regular, serif;\"><span style=\"font-size: small;\"> : Quelle est la cause de la d\u00e9faillance ? Vous \u00e9crivez \u00ab\u00a0pas de modifications <\/span><\/span><\/span><span style=\"color: #000000;\"><span style=\"font-family: Avenir Next Regular, serif;\"><span style=\"font-size: small;\"><i><b>substantielles<\/b><\/i><\/span><\/span><\/span><span style=\"color: #000000;\"><span style=\"font-family: Avenir Next Regular, serif;\"><span style=\"font-size: small;\">\u00a0\u00bb\u00a0: l\u2019adjectif est al\u00e9atoire et donc peu rassurant en terme d\u2019engagement ferme et d\u00e9finitif\u00a0!? <\/span><\/span><\/span><\/p>\n<p align=\"JUSTIFY\"><span style=\"color: #000000;\"><span style=\"font-family: Avenir Next Regular, serif;\"><span style=\"font-size: small;\">Florence ANDREWJZEWSKY : il s&rsquo;agit simplement d&rsquo;une erreur dans le libell\u00e9 du march\u00e9 (copier-coller malheureux des coordonn\u00e9es du cotraitant) qui n\u00e9cessite une nouvelle r\u00e9daction, mais la proc\u00e9dure administrative oblige \u00e0 prendre acte. Le titulaire conserve le march\u00e9, seules les coordonn\u00e9es du cotraitant changent. Les conditions restent les m\u00eames.<\/span><\/span><\/span><\/p>\n<p align=\"JUSTIFY\"><span style=\"color: #000000;\"><span style=\"font-family: Avenir Next Regular, serif;\"><span style=\"font-size: small;\">2016-125<\/span><\/span><\/span><\/p>\n<p align=\"JUSTIFY\"><span style=\"color: #000000;\"><span style=\"font-family: Avenir Next Regular, serif;\"><span style=\"font-size: small;\">R\u00e9alisation d&rsquo;un plateau traversant sur la contre all\u00e9e du coll\u00e8ge au niveau du complexe omnisport. Mise aux normes de l&rsquo;accessibilit\u00e9 et du stationnement pour personnes \u00e0 mobilit\u00e9 r\u00e9duite du complexe omnisports<\/span><\/span><\/span><\/p>\n<p align=\"JUSTIFY\"><span style=\"color: #000000;\"><span style=\"font-family: Avenir Next Regular, serif;\"><span style=\"font-size: small;\">D&amp;S<\/span><\/span><\/span><span style=\"color: #000000;\"><span style=\"font-family: Avenir Next Regular, serif;\"><span style=\"font-size: small;\"> : la commission ne s&rsquo;est jamais r\u00e9unie \u00e0 ce sujet, pourquoi ? J&rsquo;avais d\u00e9j\u00e0 demand\u00e9 pourquoi il n&rsquo;y avait jamais de r\u00e9union de la commission idoine. Il m&rsquo;avait \u00e9t\u00e9 r\u00e9pondu qu&rsquo;elle se r\u00e9unissait quand cela \u00e9tait n\u00e9cessaire, <\/span><\/span><\/span><span style=\"color: #000000;\"><span style=\"font-family: Avenir Next Regular, serif;\"><span style=\"font-size: small;\"><span style=\"text-decoration: underline;\">et vous m\u2019aviez garanti que vous alliez la r\u00e9unir<\/span><\/span><\/span><\/span><span style=\"color: #000000;\"><span style=\"font-family: Avenir Next Regular, serif;\"><span style=\"font-size: small;\">\u00a0; <\/span><\/span><\/span><span style=\"color: #000000;\"><span style=\"font-family: Avenir Next Regular, serif;\"><span style=\"font-size: small;\"><b>Or<\/b><\/span><\/span><\/span><span style=\"color: #000000;\"><span style=\"font-family: Avenir Next Regular, serif;\"><span style=\"font-size: small;\"> il y avait mati\u00e8re au sujet de la contre-all\u00e9e et vous ne l&rsquo;avez pas fait.<\/span><\/span><\/span><\/p>\n<p align=\"JUSTIFY\"><span style=\"color: #000000;\"><span style=\"font-family: Avenir Next Regular, serif;\"><span style=\"font-size: small;\">Jacques NICOLAS : on ne peut pas r\u00e9unir la commission sur tous les travaux de mise en conformit\u00e9.<\/span><\/span><\/span><\/p>\n<p align=\"JUSTIFY\"><span style=\"color: #000000;\"><span style=\"font-family: Avenir Next Demi Bold, serif;\"><span style=\"font-size: small;\"><span style=\"text-decoration: underline;\"><b>D\u00e9bat d&rsquo;Orientation Budg\u00e9taire :<\/b><\/span><\/span><\/span><\/span><\/p>\n<p align=\"JUSTIFY\"><span style=\"color: #000000;\"><span style=\"font-family: Avenir Next Demi Bold, serif;\"><span style=\"font-size: small;\"><span style=\"text-decoration: underline;\"><b>Intervention de Christiane Martin :<\/b><\/span><\/span><\/span><\/span><\/p>\n<p align=\"JUSTIFY\"><span style=\"color: #000000;\"><span style=\"font-family: Avenir Next Regular, serif;\"><span style=\"font-size: small;\">Monsieur le Maire,<\/span><\/span><\/span><\/p>\n<p align=\"JUSTIFY\"><span style=\"color: #000000;\"><span style=\"font-family: Avenir Next Regular, serif;\"><span style=\"font-size: small;\">Monsieur l\u2019Adjoint aux Finances,<\/span><\/span><\/span><\/p>\n<p align=\"JUSTIFY\"><span style=\"color: #000000;\"><span style=\"font-family: Avenir Next Regular, serif;\"><span style=\"font-size: small;\">Mesdames, messieurs les \u00e9lus,<\/span><\/span><\/span><\/p>\n<p align=\"JUSTIFY\"><span style=\"color: #000000;\"><span style=\"font-family: Avenir Next Demi Bold Italic, serif;\"><span style=\"font-size: small;\"><i><span style=\"text-decoration: underline;\"><b>Pr\u00e9ambule<\/b><\/span><\/i><\/span><\/span><\/span><span style=\"color: #000000;\"><span style=\"font-family: Avenir Next Regular, serif;\"><span style=\"font-size: small;\"><span style=\"text-decoration: underline;\">\u00a0<\/span><\/span><\/span><\/span><span style=\"color: #000000;\"><span style=\"font-family: Avenir Next Regular, serif;\"><span style=\"font-size: small;\">: En ces temps de chaos mondial g\u00e9n\u00e9ralis\u00e9, alors que, dans notre pays, le cynisme politique vire au vaudeville path\u00e9tique destructeur de nos Institutions et de la nation R\u00e9publicaine, d\u00e9battre d\u2019un budget communal rel\u00e8ve pour moi d\u2019une tache de Sisyphe. <\/span><\/span><\/span><\/p>\n<p align=\"JUSTIFY\"><span style=\"color: #000000;\"><span style=\"font-family: Avenir Next Regular, serif;\"><span style=\"font-size: small;\">Pour vous livrer mes observations, commentaires et remarques, je suivrai le plan que vous avez vous-m\u00eame adopt\u00e9 dans votre expos\u00e9\u00a0:<\/span><\/span><\/span><\/p>\n<p align=\"JUSTIFY\"><span style=\"color: #000000;\"><span style=\"font-family: Avenir Next Demi Bold, serif;\"><span style=\"font-size: small;\"><b>I\/ <\/b><\/span><\/span><\/span><span style=\"color: #000000;\"><span style=\"font-family: Avenir Next Demi Bold, serif;\"><span style=\"font-size: small;\"><span style=\"text-decoration: underline;\"><b>A propos du \u00ab\u00a0contexte national<\/b><\/span><\/span><\/span><\/span><span style=\"color: #000000;\"><span style=\"font-family: Avenir Next Regular, serif;\"><span style=\"font-size: small;\">\u00a0\u00bb\u00a0: vous <\/span><\/span><\/span><span style=\"color: #000000;\"><span style=\"font-family: Avenir Next Regular, serif;\"><span style=\"font-size: small;\"><span style=\"text-decoration: underline;\">rappelez<\/span><\/span><\/span><\/span><span style=\"color: #000000;\"><span style=\"font-family: Avenir Next Regular, serif;\"><span style=\"font-size: small;\"> les \u00e9conomies pluriannuelles programm\u00e9es par le Gvt (50 milliards qui se r\u00e9sumeront \u00e0 une <\/span><\/span><\/span><span style=\"color: #000000;\"><span style=\"font-family: Avenir Next Regular, serif;\"><span style=\"font-size: small;\"><span style=\"text-decoration: underline;\">trentaine<\/span><\/span><\/span><\/span><span style=\"color: #000000;\"><span style=\"font-family: Avenir Next Regular, serif;\"><span style=\"font-size: small;\">\u00a0!) et vous <\/span><\/span><\/span><span style=\"color: #000000;\"><span style=\"font-family: Avenir Next Regular, serif;\"><span style=\"font-size: small;\"><span style=\"text-decoration: underline;\">insistez<\/span><\/span><\/span><\/span> <span style=\"color: #000000;\"><span style=\"font-family: Avenir Next Demi Bold, serif;\"><span style=\"font-size: small;\"><b>beaucoup <\/b><\/span><\/span><\/span><span style=\"color: #000000;\"><span style=\"font-family: Avenir Next Regular, serif;\"><span style=\"font-size: small;\">sur la baisse des dotations aux collectivit\u00e9s (11 milliards de 2014 \u00e0 2017).Vous ne <\/span><\/span><\/span><span style=\"color: #000000;\"><span style=\"font-family: Avenir Next Regular, serif;\"><span style=\"font-size: small;\"><span style=\"text-decoration: underline;\">dites PAS<\/span><\/span><\/span><\/span><span style=\"color: #000000;\"><span style=\"font-family: Avenir Next Regular, serif;\"><span style=\"font-size: small;\"> que cette ponction a \u00e9t\u00e9 endigu\u00e9e sur 2017 pour les <\/span><\/span><\/span><span style=\"color: #000000;\"><span style=\"font-family: Avenir Next Demi Bold, serif;\"><span style=\"font-size: small;\"><b>Communes<\/b><\/span><\/span><\/span><span style=\"color: #000000;\"><span style=\"font-family: Avenir Next Regular, serif;\"><span style=\"font-size: small;\"> (suite congr\u00e8s de l\u2019AMF) et vous <\/span><\/span><\/span><span style=\"color: #000000;\"><span style=\"font-family: Avenir Next Regular, serif;\"><span style=\"font-size: small;\"><span style=\"text-decoration: underline;\">ne soulignez pas non plus<\/span><\/span><\/span><\/span><span style=\"color: #000000;\"><span style=\"font-family: Avenir Next Regular, serif;\"><span style=\"font-size: small;\"> que le manque \u00e0 gagner pour notre commune a \u00e9t\u00e9 en partie compens\u00e9e par la DSR et le FPIC. La DGF \u00e9tait d\u00e9j\u00e0 gel\u00e9e <\/span><\/span><\/span><span style=\"color: #000000;\"><span style=\"font-family: Avenir Next Demi Bold, serif;\"><span style=\"font-size: small;\"><b>depuis 2011<\/b><\/span><\/span><\/span><span style=\"color: #000000;\"><span style=\"font-family: Avenir Next Regular, serif;\"><span style=\"font-size: small;\">\u00a0! Notre majorit\u00e9 avait <\/span><\/span><\/span><span style=\"color: #000000;\"><span style=\"font-family: Avenir Next Demi Bold, serif;\"><span style=\"font-size: small;\"><b>du<\/b><\/span><\/span><\/span> <span style=\"color: #000000;\"><span style=\"font-family: Avenir Next Demi Bold, serif;\"><span style=\"font-size: small;\"><b>faire<\/b><\/span><\/span><\/span><span style=\"color: #000000;\"><span style=\"font-family: Avenir Next Regular, serif;\"><span style=\"font-size: small;\"> avec\u00a0! <\/span><\/span><\/span><span style=\"color: #000000;\"><span style=\"font-family: Avenir Next Demi Bold, serif;\"><span style=\"font-size: small;\"><span style=\"text-decoration: underline;\"><b>Vous<\/b><\/span><\/span><\/span><\/span> <span style=\"color: #000000;\"><span style=\"font-family: Avenir Next Demi Bold, serif;\"><span style=\"font-size: small;\"><span style=\"text-decoration: underline;\"><b>saviez<\/b><\/span><\/span><\/span><\/span><span style=\"color: #000000;\"><span style=\"font-family: Avenir Next Demi Bold, serif;\"><span style=\"font-size: small;\"><b>\/nous savions TOUS<\/b><\/span><\/span><\/span> <span style=\"color: #000000;\"><span style=\"font-family: Avenir Next Regular, serif;\"><span style=\"font-size: small;\"><b>au moment de la campagne municipale 2014<\/b><\/span><\/span><\/span><span style=\"color: #000000;\"><span style=\"font-family: Avenir Next Regular, serif;\"><span style=\"font-size: small;\"> ce qui nous attendait en mati\u00e8re de dotations\u00a0!<\/span><\/span><\/span><\/p>\n<p align=\"JUSTIFY\"><span style=\"color: #000000;\"><span style=\"font-family: Avenir Next Regular, serif;\"><span style=\"font-size: small;\">Vous nous <\/span><\/span><\/span><span style=\"color: #000000;\"><span style=\"font-family: Avenir Next Regular, serif;\"><span style=\"font-size: small;\"><span style=\"text-decoration: underline;\">parlez ensuite<\/span><\/span><\/span><\/span><span style=\"color: #000000;\"><span style=\"font-family: Avenir Next Regular, serif;\"><span style=\"font-size: small;\"> des <\/span><\/span><\/span><span style=\"color: #000000;\"><span style=\"font-family: Avenir Next Demi Bold, serif;\"><span style=\"font-size: small;\"><b>\u00ab<\/b><\/span><\/span><\/span><span style=\"color: #000000;\"><span style=\"font-family: Avenir Next Regular, serif;\"><span style=\"font-size: small;\">\u00a0<\/span><\/span><\/span><span style=\"color: #000000;\"><span style=\"font-family: Avenir Next Italic, serif;\"><span style=\"font-size: small;\"><i>incertitudes<\/i><\/span><\/span><\/span><span style=\"color: #000000;\"><span style=\"font-family: Avenir Next Regular, serif;\"><span style=\"font-size: small;\">\u00a0<\/span><\/span><\/span><span style=\"color: #000000;\"><span style=\"font-family: Avenir Next Demi Bold, serif;\"><span style=\"font-size: small;\"><b>\u00bb<\/b><\/span><\/span><\/span><span style=\"color: #000000;\"><span style=\"font-family: Avenir Next Regular, serif;\"><span style=\"font-size: small;\"> du PLF <\/span><\/span><\/span><span style=\"color: #000000;\"><span style=\"font-family: Avenir Next Demi Bold, serif;\"><span style=\"font-size: small;\"><b>2017<\/b><\/span><\/span><\/span><span style=\"color: #000000;\"><span style=\"font-family: Avenir Next Regular, serif;\"><span style=\"font-size: small;\">\u00a0: un euph\u00e9misme puisque l\u2019on estime (<\/span><\/span><\/span><span style=\"color: #000000;\"><span style=\"font-family: Avenir Next Regular, serif;\"><span style=\"font-size: small;\"><i>Commission<\/i><\/span><\/span><\/span><span style=\"color: #000000;\"><span style=\"font-family: Avenir Next Regular, serif;\"><span style=\"font-size: small;\"> finances) que 6\/8 milliards de d\u00e9penses ne sont pas budg\u00e9t\u00e9es ou report\u00e9es sur 2018\u00a0! D\u2019o\u00f9 le refus du S\u00e9nat de d\u00e9battre du Budget. Vous \u00e9crivez que l\u2019<\/span><\/span><\/span><span style=\"color: #000000;\"><span style=\"font-family: Avenir Next Regular, serif;\"><span style=\"font-size: small;\"><span style=\"text-decoration: underline;\">inflation<\/span><\/span><\/span><\/span><span style=\"color: #000000;\"><span style=\"font-family: Avenir Next Regular, serif;\"><span style=\"font-size: small;\"> est quasi nulle\u00a0; c\u2019est factuelle ment FAUX\u00a0: <\/span><\/span><\/span><span style=\"color: #000000;\"><span style=\"font-family: Avenir Next Demi Bold, serif;\"><span style=\"font-size: small;\"><b>+<\/b><\/span><\/span><\/span><span style=\"color: #000000;\"><span style=\"font-family: Avenir Next Regular, serif;\"><span style=\"font-size: small;\">0,4% au 3<\/span><\/span><\/span><span style=\"color: #000000;\"><sup><span style=\"font-family: Avenir Next Regular, serif;\"><span style=\"font-size: xx-small;\">i\u00e8me<\/span><\/span><\/sup><\/span><span style=\"color: #000000;\"><span style=\"font-family: Avenir Next Regular, serif;\"><span style=\"font-size: small;\"> Trim. Autre projection <\/span><\/span><\/span><span style=\"color: #000000;\"><span style=\"font-family: Avenir Next Demi Bold, serif;\"><span style=\"font-size: small;\"><b>al\u00e9atoire<\/b><\/span><\/span><\/span><span style=\"color: #000000;\"><span style=\"font-family: Avenir Next Regular, serif;\"><span style=\"font-size: small;\">, le <\/span><\/span><\/span><span style=\"color: #000000;\"><span style=\"font-family: Avenir Next Regular, serif;\"><span style=\"font-size: small;\"><span style=\"text-decoration: underline;\">ch\u00f4mage<\/span><\/span><\/span><\/span><span style=\"color: #000000;\"><span style=\"font-family: Avenir Next Regular, serif;\"><span style=\"font-size: small;\"> (10%) car si la politique de certains \u00ab\u00a0pr\u00e9sidentiables\u00a0\u00bb est appliqu\u00e9e, les perspectives <\/span><\/span><\/span><span style=\"color: #000000;\"><span style=\"font-family: Avenir Next Demi Bold, serif;\"><span style=\"font-size: small;\"><b>d\u00e9flationnistes<\/b><\/span><\/span><\/span><span style=\"color: #000000;\"><span style=\"font-family: Avenir Next Regular, serif;\"><span style=\"font-size: small;\"> accrues en rajouteront plusieurs centaines de milliers\u2026 <\/span><\/span><\/span><\/p>\n<p align=\"JUSTIFY\"><span style=\"color: #000000;\"><span style=\"font-family: Avenir Next Regular, serif;\"><span style=\"font-size: small;\">Concernant le <\/span><\/span><\/span><span style=\"color: #000000;\"><span style=\"font-family: Avenir Next Regular, serif;\"><span style=\"font-size: small;\"><span style=\"text-decoration: underline;\">d\u00e9ficit budg\u00e9taire<\/span><\/span><\/span><\/span><span style=\"color: #000000;\"><span style=\"font-family: Avenir Next Regular, serif;\"><span style=\"font-size: small;\">, 2,7% pour 2017, c\u2019est un autre<\/span><\/span><\/span> <span style=\"color: #000000;\"><span style=\"font-family: Avenir Next Demi Bold Italic, serif;\"><span style=\"font-size: small;\"><i>v\u0153u pieu<\/i><\/span><\/span><\/span> <span style=\"color: #000000;\"><span style=\"font-family: Avenir Next Regular, serif;\"><span style=\"font-size: small;\">: un pressenti pr\u00e9sidentiable a lui-m\u00eame annonc\u00e9 entre 4 et 4,5 %\u00a0! Pour ce qui est de la <\/span><\/span><\/span><span style=\"color: #000000;\"><span style=\"font-family: Avenir Next Regular, serif;\"><span style=\"font-size: small;\"><span style=\"text-decoration: underline;\">dette publique <\/span><\/span><\/span><\/span><span style=\"color: #000000;\"><span style=\"font-family: Avenir Next Regular, serif;\"><span style=\"font-size: small;\">( <\/span><\/span><\/span><span style=\"color: #000000;\"><span style=\"font-family: Avenir Next Demi Bold, serif;\"><span style=\"font-size: small;\"><b>x<\/b><\/span><\/span><\/span><span style=\"color: #000000;\"><span style=\"font-family: Avenir Next Regular, serif;\"><span style=\"font-size: small;\"> par 30 depuis 78 dites-vous \/\/ <\/span><\/span><\/span><span style=\"color: #000000;\"><span style=\"font-family: Avenir Next Regular, serif;\"><span style=\"font-size: small;\"><span style=\"text-decoration: underline;\">inexact\u00a0: 27 en r\u00e9alit\u00e9<\/span><\/span><\/span><\/span><span style=\"color: #000000;\"><span style=\"font-family: Avenir Next Regular, serif;\"><span style=\"font-size: small;\">) mais cette \u00ab\u00a0affirmation brute\u00a0\u00bb amalgame structurel\/conjoncturel\u00a0; de m\u00eame, en mati\u00e8re macro-\u00e9conomique, il n\u2019est pas intellectuellement honn\u00eate de <\/span><\/span><\/span><span style=\"color: #000000;\"><span style=\"font-family: Avenir Next Demi Bold, serif;\"><span style=\"font-size: small;\"><b>taire, <\/b><\/span><\/span><\/span><span style=\"color: #000000;\"><span style=\"font-family: Avenir Next Regular, serif;\"><span style=\"font-size: small;\">dans l\u2019\u00e9volution sur 4 d\u00e9cennies, les contextes historiques (il faut toujours s\u2019adresser \u00e0 l\u2019intelligence des citoyens\u00a0au lieu de \u00ab\u00a0miser\u00a0\u00bb sur leur manque de connaissances!). Des choix politiques, Lois et Trait\u00e9s sont <\/span><\/span><\/span><span style=\"color: #000000;\"><span style=\"font-family: Avenir Next Demi Bold, serif;\"><span style=\"font-size: small;\"><b>aussi<\/b><\/span><\/span><\/span><span style=\"color: #000000;\"><span style=\"font-family: Avenir Next Regular, serif;\"><span style=\"font-size: small;\"> des <\/span><\/span><\/span><span style=\"color: #000000;\"><span style=\"font-family: Avenir Next Regular, serif;\"><span style=\"font-size: small;\"><span style=\"text-decoration: underline;\">causes de l\u2019endettement<\/span><\/span><\/span><\/span><span style=\"color: #000000;\"><span style=\"font-family: Avenir Next Regular, serif;\"><span style=\"font-size: small;\">\u00a0: fin de Bretton-Woods(71), Loi de 73 en France, Trait\u00e9 de Maastricht Art.104(93), passage \u00e0 l\u2019Euro en 2003, Trait\u00e9 de Lisbonne(2009) auquel on peut ajouter le MES dans lequel nous sommes mis \u00e0 contribution pour <\/span><\/span><\/span><span style=\"color: #000000;\"><span style=\"font-family: Avenir Next Demi Bold, serif;\"><span style=\"font-size: small;\"><b>+<\/b><\/span><\/span><\/span><span style=\"color: #000000;\"><span style=\"font-family: Avenir Next Regular, serif;\"><span style=\"font-size: small;\"> de 300 milliards. Autant de r\u00e8gles et contraintes qui \u00e9taient destin\u00e9es \u00e0 emp\u00eacher l\u2019inflation (14% fin ann\u00e9es 70 \/\/ cf. R.Barre\u00a0!) et les x d\u00e9valuations mon\u00e9taires avant l\u2019euro. <\/span><\/span><\/span><span style=\"color: #000000;\"><span style=\"font-family: Avenir Next Demi Bold, serif;\"><span style=\"font-size: small;\"><b>De 1980 \u00e0 2008<\/b><\/span><\/span><\/span><span style=\"color: #000000;\"><span style=\"font-family: Avenir Next Regular, serif;\"><span style=\"font-size: small;\">, la dette fran\u00e7aise a augment\u00e9 de <\/span><\/span><\/span><span style=\"color: #000000;\"><span style=\"font-family: Avenir Next Demi Bold, serif;\"><span style=\"font-size: small;\"><b>1088<\/b><\/span><\/span><\/span><span style=\"color: #000000;\"><span style=\"font-family: Avenir Next Regular, serif;\"><span style=\"font-size: small;\"> milliards ET sur la m\u00eame p\u00e9riode les <\/span><\/span><\/span><span style=\"color: #000000;\"><span style=\"font-family: Avenir Next Regular, serif;\"><span style=\"font-size: small;\"><span style=\"text-decoration: underline;\">int\u00e9r\u00eats<\/span><\/span><\/span><\/span><span style=\"color: #000000;\"><span style=\"font-family: Avenir Next Regular, serif;\"><span style=\"font-size: small;\"> pay\u00e9s se chiffrent \u00e0 <\/span><\/span><\/span><span style=\"color: #000000;\"><span style=\"font-family: Avenir Next Demi Bold, serif;\"><span style=\"font-size: small;\"><b>1306<\/b><\/span><\/span><\/span><span style=\"color: #000000;\"><span style=\"font-family: Avenir Next Regular, serif;\"><span style=\"font-size: small;\"> milliards\u00a0! C\u2019est <\/span><\/span><\/span><span style=\"color: #000000;\"><span style=\"font-family: Avenir Next Demi Bold, serif;\"><span style=\"font-size: small;\"><b>ce<\/b><\/span><\/span><\/span><span style=\"color: #000000;\"><span style=\"font-family: Avenir Next Regular, serif;\"><span style=\"font-size: small;\"> cercle vicieux qui conduit la France \u00e0 emprunter chaque semaine sur les march\u00e9s pour payer ses d\u00e9penses mais aussi pour \u00ab\u00a0rembourser sa dette\u00a0\u00bb (jusqu\u2019en 2015 service de la dette 1<\/span><\/span><\/span><span style=\"color: #000000;\"><sup><span style=\"font-family: Avenir Next Regular, serif;\"><span style=\"font-size: xx-small;\">er<\/span><\/span><\/sup><\/span><span style=\"color: #000000;\"><span style=\"font-family: Avenir Next Regular, serif;\"><span style=\"font-size: small;\"> poste budg\u00e9taire devant l\u2019EN, la D\u00e9fense, etc\u2026)\u00a0; en un mot faire de la dette pour payer la dette\u00a0!!!<\/span><\/span><\/span><\/p>\n<p align=\"JUSTIFY\"><span style=\"color: #000000;\"><span style=\"font-family: Avenir Next Demi Bold, serif;\"><span style=\"font-size: small;\"><span style=\"text-decoration: underline;\"><b>II\/ Concernant le \u00ab\u00a0contexte local\u00a0\u00bb\u00a0:<\/b><\/span><\/span><\/span><\/span><span style=\"color: #000000;\"><span style=\"font-family: Avenir Next Regular, serif;\"><span style=\"font-size: small;\"> permettez-moi d\u2019abord de signaler une erreur. Vous \u00e9crivez\u00a0:\u00a0la \u00ab\u00a0<\/span><\/span><\/span><span style=\"color: #000000;\"><span style=\"font-family: Avenir Next Italic, serif;\"><span style=\"font-size: small;\"><i>part de l\u2019investissement territorial est de 58%<\/i><\/span><\/span><\/span><span style=\"color: #000000;\"><span style=\"font-family: Avenir Next Regular, serif;\"><span style=\"font-size: small;\">\u00a0\u00bb, <\/span><\/span><\/span><span style=\"color: #000000;\"><span style=\"font-family: Avenir Next Regular, serif;\"><span style=\"font-size: small;\"><span style=\"text-decoration: underline;\">en fait c\u2019est pr\u00e8s<\/span><\/span><\/span><\/span><span style=\"color: #000000;\"><span style=\"font-family: Avenir Next Regular, serif;\"><span style=\"font-size: small;\"> de 70% (58% est le <\/span><\/span><\/span><span style=\"color: #000000;\"><span style=\"font-family: Avenir Next Regular, serif;\"><span style=\"font-size: small;\"><span style=\"text-decoration: underline;\">seul bloc communal<\/span><\/span><\/span><\/span><span style=\"color: #000000;\"><span style=\"font-family: Avenir Next Regular, serif;\"><span style=\"font-size: small;\">\u00a0!)<\/span><\/span><\/span><\/p>\n<p align=\"JUSTIFY\"><span style=\"color: #000000;\"><span style=\"font-family: Avenir Next Regular, serif;\"><span style=\"font-size: small;\"><span style=\"text-decoration: underline;\">Votre <\/span><\/span><\/span><\/span><span style=\"color: #000000;\"><span style=\"font-family: Avenir Next Demi Bold, serif;\"><span style=\"font-size: small;\"><span style=\"text-decoration: underline;\"><b>budget de fonctionnement<\/b><\/span><\/span><\/span><\/span><span style=\"color: #000000;\"><span style=\"font-family: Avenir Next Regular, serif;\"><span style=\"font-size: small;\"> augmente encore\u00a0! alors que pourtant la d\u00e9pense li\u00e9e aux personnels (60%)\u00a0sera d\u20191pt inf\u00e9rieure \u00e0 2016 \/\/61%). Votre groupe n\u2019avait cess\u00e9 de critiquer notre ancienne majorit\u00e9 sur ce point alors que nous n\u2019avons pas d\u00e9pass\u00e9 59% pour le dit-budget\u00a0! Vous aviez m\u00eame <\/span><\/span><\/span><span style=\"color: #000000;\"><span style=\"font-family: Avenir Next Regular, serif;\"><span style=\"font-size: small;\"><span style=\"text-decoration: underline;\">laiss\u00e9<\/span><\/span><\/span><\/span><span style=\"color: #000000;\"><span style=\"font-family: Avenir Next Regular, serif;\"><span style=\"font-size: small;\"> croire que les suppressions du Directeur de Cabinet et du DGS, permettraient des \u00e9conomies cons\u00e9quentes\u00a0! Vous \u00e9voquez les contrats aid\u00e9s dits \u00ab\u00a0emplois d\u2019avenir\u00a0\u00bb comme source d\u2019\u00e9conomies mais nous en avions <\/span><\/span><\/span><span style=\"color: #000000;\"><span style=\"font-family: Avenir Next Demi Bold, serif;\"><span style=\"font-size: small;\"><b>\u00e9galement<\/b><\/span><\/span><\/span><span style=\"color: #000000;\"><span style=\"font-family: Avenir Next Regular, serif;\"><span style=\"font-size: small;\"> recrut\u00e9 2 d\u00e8s leur cr\u00e9ation en Oct.2012, et nous avions <\/span><\/span><\/span><span style=\"color: #000000;\"><span style=\"font-family: Avenir Next Regular, serif;\"><span style=\"font-size: small;\"><b>divis\u00e9 par 4<\/b><\/span><\/span><\/span><span style=\"color: #000000;\"><span style=\"font-family: Avenir Next Regular, serif;\"><span style=\"font-size: small;\"> les HS\u00a0! Vous argumentez \u00e9galement sur le co\u00fbt<\/span><\/span><\/span><span style=\"color: #000000;\"><span style=\"font-family: Avenir Next Demi Bold, serif;\"><span style=\"font-size: small;\"><b>+ <\/b><\/span><\/span><\/span><span style=\"color: #000000;\"><span style=\"font-family: Avenir Next Regular, serif;\"><span style=\"font-size: small;\">des primes technicit\u00e9\/vieillesse.. mais nous les avions AUSSI\u00a0! comme nous avons d\u00e9j\u00e0 du <\/span><\/span><\/span><span style=\"color: #000000;\"><span style=\"font-family: Avenir Next Demi Bold, serif;\"><span style=\"font-size: small;\"><b>aussi<\/b><\/span><\/span><\/span><span style=\"color: #000000;\"><span style=\"font-family: Avenir Next Regular, serif;\"><span style=\"font-size: small;\"> faire face \u00e0 la revalorisation de l\u2019indice des agents Cat\u00e9g.C (les+ nombreux)\u00a0! Vous tablez ensuite, au titre des \u00e9conomies \u00e0 r\u00e9aliser, sur ce que vous appelez <\/span><\/span><\/span><span style=\"color: #000000;\"><span style=\"font-family: Avenir Next Demi Bold, serif;\"><span style=\"font-size: small;\"><b>\u00ab<\/b><\/span><\/span><\/span><span style=\"color: #000000;\"><span style=\"font-family: Avenir Next Regular, serif;\"><span style=\"font-size: small;\">\u00a0l\u2019am\u00e9lioration du pr\u00e9sent\u00e9isme\u00a0<\/span><\/span><\/span><span style=\"color: #000000;\"><span style=\"font-family: Avenir Next Demi Bold, serif;\"><span style=\"font-size: small;\"><b>\u00bb\u00a0!\u00a0: <\/b><\/span><\/span><\/span><span style=\"color: #000000;\"><span style=\"font-family: Avenir Next Regular, serif;\"><span style=\"font-size: small;\">esp\u00e9rez-vous le r\u00e9tablissement propos\u00e9 du d\u00e9lai de carence ? Comptez-vous sur le possible retour \u00e0 39H\u00a0? ou Sur la suppression annonc\u00e9e de nombreux postes de fonctionnaires\u00a0? Concernant l\u2019\u00e9ventuel abandon du d\u00e9cret Peillon, et donc des TAP, j\u2019approuverai\u00a0! puisque, outre leur co\u00fbt, les rythmes scolaires sont <\/span><\/span><\/span><span style=\"color: #000000;\"><span style=\"font-family: Avenir Next Demi Bold, serif;\"><span style=\"font-size: small;\"><b>bafou\u00e9s au Thor<\/b><\/span><\/span><\/span><span style=\"color: #000000;\"><span style=\"font-family: Avenir Next Regular, serif;\"><span style=\"font-size: small;\"> (<\/span><\/span><\/span><span style=\"color: #000000;\"><span style=\"font-family: Avenir Next Demi Bold, serif;\"><span style=\"font-size: small;\"><b>9<\/b><\/span><\/span><\/span><span style=\"color: #000000;\"><span style=\"font-family: Avenir Next Regular, serif;\"><span style=\"font-size: small;\"> demi-journ\u00e9es d\u2019enseignement <\/span><\/span><\/span><span style=\"color: #000000;\"><span style=\"font-family: Avenir Next Regular, serif;\"><span style=\"font-size: small;\"><span style=\"text-decoration: underline;\">non respect\u00e9es<\/span><\/span><\/span><\/span><span style=\"color: #000000;\"><span style=\"font-family: Avenir Next Regular, serif;\"><span style=\"font-size: small;\">, les TAP (que vous avez rendus payants\u00a0!) ne sont qu\u2019un cycle de loisirs\/ animations vidant esprit et objectif initiaux de la Loi, \u00e9puisant les \u00e9l\u00e8ves qui ne sont d\u2019ailleurs QUE 50% \u00e0 les suivre).<\/span><\/span><\/span><\/p>\n<p align=\"JUSTIFY\"><span style=\"color: #000000;\"><span style=\"font-family: Avenir Next Regular, serif;\"><span style=\"font-size: small;\">Dans votre argumentaire \u00ab\u00a0<\/span><\/span><\/span><span style=\"color: #000000;\"><span style=\"font-family: Avenir Next Regular, serif;\"><span style=\"font-size: small;\"><span style=\"text-decoration: underline;\">optimisation des d\u00e9penses<\/span><\/span><\/span><\/span><span style=\"color: #000000;\"><span style=\"font-family: Avenir Next Regular, serif;\"><span style=\"font-size: small;\">\u00a0\u00bb, vous pr\u00e9sentez les <\/span><\/span><\/span><span style=\"color: #000000;\"><span style=\"font-family: Avenir Next Demi Bold, serif;\"><span style=\"font-size: small;\"><b>transferts de comp\u00e9tences<\/b><\/span><\/span><\/span><span style=\"color: #000000;\"><span style=\"font-family: Avenir Next Regular, serif;\"><span style=\"font-size: small;\"> vers la CCPSMV comme source de baisse des co\u00fbts. C\u2019est ainsi qu\u2019on nous les \u00ab\u00a0a vendus\u00a0\u00bb avec la <\/span><\/span><\/span><span style=\"color: #000000;\"><span style=\"font-family: Avenir Next Regular, serif;\"><span style=\"font-size: small;\"><b>Loi NOTRe<\/b><\/span><\/span><\/span><span style=\"color: #000000;\"><span style=\"font-family: Avenir Next Regular, serif;\"><span style=\"font-size: small;\">\u00a0: \u00ab\u00a0mutualisation et autres effets de levier\u00a0\u00bb\u00a0! <\/span><\/span><\/span><span style=\"color: #000000;\"><span style=\"font-family: Avenir Next Demi Bold, serif;\"><span style=\"font-size: small;\"><b>En v\u00e9rit\u00e9, il n\u2019y a pas d\u2019\u00e9conomies r\u00e9elles<\/b><\/span><\/span><\/span><span style=\"color: #000000;\"><span style=\"font-family: Avenir Next Regular, serif;\"><span style=\"font-size: small;\">\u00a0: avec le <\/span><\/span><\/span><span style=\"color: #000000;\"><span style=\"font-family: Avenir Next Regular, serif;\"><span style=\"font-size: small;\"><span style=\"text-decoration: underline;\">transfert de l\u2019instruction des PC<\/span><\/span><\/span><\/span><span style=\"color: #000000;\"><span style=\"font-family: Avenir Next Regular, serif;\"><span style=\"font-size: small;\"> (poste cr\u00e9e \u00e0 la cc) les volets de dossiers relatifs aux normes handicap deviennent payants\u00a0! Avec le <\/span><\/span><\/span><span style=\"color: #000000;\"><span style=\"font-family: Avenir Next Regular, serif;\"><span style=\"font-size: small;\"><span style=\"text-decoration: underline;\">transfert de<\/span><\/span><\/span><\/span> <span style=\"color: #000000;\"><span style=\"font-family: Avenir Next Regular, serif;\"><span style=\"font-size: small;\"><span style=\"text-decoration: underline;\">l\u2019assainissement<\/span><\/span><\/span><\/span><span style=\"color: #000000;\"><span style=\"font-family: Avenir Next Regular, serif;\"><span style=\"font-size: small;\">, nous avons \u00ab\u00a0h\u00e9rit\u00e9\u00a0\u00bb d\u2019un passif de <\/span><\/span><\/span><span style=\"color: #000000;\"><span style=\"font-family: Avenir Next Demi Bold, serif;\"><span style=\"font-size: small;\"><b>+<\/b><\/span><\/span><\/span><span style=\"color: #000000;\"><span style=\"font-family: Avenir Next Regular, serif;\"><span style=\"font-size: small;\"> de 3 millions de dettes des autres communes, et d\u2019une augmentation tarifaire de <\/span><\/span><\/span><span style=\"color: #000000;\"><span style=\"font-family: Avenir Next Demi Bold, serif;\"><span style=\"font-size: small;\"><b>50%<\/b><\/span><\/span><\/span><span style=\"color: #000000;\"><span style=\"font-family: Avenir Next Regular, serif;\"><span style=\"font-size: small;\"> au 1\/1\/2017\u00a0! (et je ne parlerai pas de celle de <\/span><\/span><\/span><span style=\"color: #000000;\"><span style=\"font-family: Avenir Next Demi Bold, serif;\"><span style=\"font-size: small;\"><b>+<\/b><\/span><\/span><\/span><span style=\"color: #000000;\"><span style=\"font-family: Avenir Next Regular, serif;\"><span style=\"font-size: small;\"> 15% en 2 ans de la TDEOM &#8211; que NOUS avions r\u00e9ussi \u00e0 faire baisser durant notre mandat\u00a0!). Le <\/span><\/span><\/span><span style=\"color: #000000;\"><span style=\"font-family: Avenir Next Regular, serif;\"><span style=\"font-size: small;\"><span style=\"text-decoration: underline;\">transfert des archives<\/span><\/span><\/span><\/span><span style=\"color: #000000;\"><span style=\"font-family: Avenir Next Regular, serif;\"><span style=\"font-size: small;\"> nous co\u00fbtera 10.000 mille euros\/an\u00a0! et celui de la <\/span><\/span><\/span><span style=\"color: #000000;\"><span style=\"font-family: Avenir Next Regular, serif;\"><span style=\"font-size: small;\"><span style=\"text-decoration: underline;\">gestion l\u2019aire d\u2019accueil<\/span><\/span><\/span><\/span><span style=\"color: #000000;\"><span style=\"font-family: Avenir Next Regular, serif;\"><span style=\"font-size: small;\"> des gens du voyage(SIAGV) nous sera aussi factur\u00e9.. En fait, <\/span><\/span><\/span><span style=\"color: #000000;\"><span style=\"font-family: Avenir Next Demi Bold, serif;\"><span style=\"font-size: small;\"><b>+<\/b><\/span><\/span><\/span><span style=\"color: #000000;\"><span style=\"font-family: Avenir Next Regular, serif;\"><span style=\"font-size: small;\"> c\u2019est grand, <\/span><\/span><\/span><span style=\"color: #000000;\"><span style=\"font-family: Avenir Next Demi Bold, serif;\"><span style=\"font-size: small;\"><b>+<\/b><\/span><\/span><\/span><span style=\"color: #000000;\"><span style=\"font-family: Avenir Next Regular, serif;\"><span style=\"font-size: small;\"> c\u2019est cher\u00a0! <\/span><\/span><\/span><\/p>\n<p align=\"JUSTIFY\"><span style=\"color: #000000;\"><span style=\"font-family: Avenir Next Regular, serif;\"><span style=\"font-size: small;\"><b>La Loi NOTRe<\/b><\/span><\/span><\/span><span style=\"color: #000000;\"><span style=\"font-family: Avenir Next Regular, serif;\"><span style=\"font-size: small;\"> vide la coquille de l\u2019\u0153uf de sa substance sans engendrer d\u2019\u00e9conomies mais en privant peu \u00e0 peu les communes, leurs maires, de leurs pr\u00e9rogatives d\u00e9cisionnelles propres. Il est d\u2019ailleurs pr\u00e9vu la suppression de 50% d\u2019entre elles en 2020\u00a0! Apr\u00e8s ce sera le tour des D\u00e9partements\u00a0!!<\/span><\/span><\/span><\/p>\n<p align=\"JUSTIFY\"><span style=\"color: #000000;\"><span style=\"font-family: Avenir Next Regular, serif;\"><span style=\"font-size: small;\">Vous <\/span><\/span><\/span><span style=\"color: #000000;\"><span style=\"font-family: Avenir Next Regular, serif;\"><span style=\"font-size: small;\"><span style=\"text-decoration: underline;\">\u00e9voquez \u00e0 nouveau<\/span><\/span><\/span><\/span><span style=\"color: #000000;\"><span style=\"font-family: Avenir Next Regular, serif;\"><span style=\"font-size: small;\"> vos \u00e9conomies dues \u00e0 la d\u00e9mat\u00e9rialisation et \u00e0 la performance de votre structure informatique mais vous <\/span><\/span><\/span><span style=\"color: #000000;\"><span style=\"font-family: Avenir Next Regular, serif;\"><span style=\"font-size: small;\"><span style=\"text-decoration: underline;\">passez sous silence<\/span><\/span><\/span><\/span> <span style=\"color: #000000;\"><span style=\"font-family: Avenir Next Demi Bold, serif;\"><span style=\"font-size: small;\"><b>les co\u00fbts<\/b><\/span><\/span><\/span><span style=\"color: #000000;\"><span style=\"font-family: Avenir Next Regular, serif;\"><span style=\"font-size: small;\"> consid\u00e9rables des achats x des nombreux logiciels, la maintenance, les prestataires, et l\u2019envol\u00e9e des d\u00e9penses de communication; <\/span><\/span><\/span><span style=\"color: #000000;\"><span style=\"font-family: Avenir Next Regular, serif;\"><span style=\"font-size: small;\"><span style=\"text-decoration: underline;\">vous<\/span><\/span><\/span><\/span> <span style=\"color: #000000;\"><span style=\"font-family: Avenir Next Regular, serif;\"><span style=\"font-size: small;\"><span style=\"text-decoration: underline;\">ne dites rien non plus<\/span><\/span><\/span><\/span><span style=\"color: #000000;\"><span style=\"font-family: Avenir Next Regular, serif;\"><span style=\"font-size: small;\"> des d\u00e9passements fr\u00e9quents des budgets pr\u00e9visionnels affect\u00e9s \u00e0 la r\u00e9alisation de vos projets\u2026<\/span><\/span><\/span><\/p>\n<p align=\"JUSTIFY\"><span style=\"color: #000000;\"><span style=\"font-family: Avenir Next Regular, serif;\"><span style=\"font-size: small;\">Monsieur le Maire, <\/span><\/span><\/span><span style=\"color: #000000;\"><span style=\"font-family: Avenir Next Demi Bold, serif;\"><span style=\"font-size: small;\"><b>SI<\/b><\/span><\/span><\/span><span style=\"color: #000000;\"><span style=\"font-family: Avenir Next Regular, serif;\"><span style=\"font-size: small;\"> toute cette autocongratulation en mati\u00e8re d\u2019\u00e9conomies \u00e9tait <\/span><\/span><\/span><span style=\"color: #000000;\"><span style=\"font-family: Avenir Next Demi Bold, serif;\"><span style=\"font-size: small;\"><b>SI<\/b><\/span><\/span><\/span><span style=\"color: #000000;\"><span style=\"font-family: Avenir Next Regular, serif;\"><span style=\"font-size: small;\"> effective, alors <\/span><\/span><\/span><span style=\"color: #000000;\"><span style=\"font-family: Avenir Next Demi Bold, serif;\"><span style=\"font-size: small;\"><b>POURQUOI augmentez-vous les imp\u00f4ts<\/b><\/span><\/span><\/span><span style=\"color: #000000;\"><span style=\"font-family: Avenir Next Regular, serif;\"><span style=\"font-size: small;\">\u00a0? et pas qu\u2019un peu\u00a0!!! Pour la TH et la TF, Vous faites en <\/span><\/span><\/span><span style=\"color: #000000;\"><span style=\"font-family: Avenir Next Demi Bold, serif;\"><span style=\"font-size: small;\"><b>1fois<\/b><\/span><\/span><\/span><span style=\"color: #000000;\"><span style=\"font-family: Avenir Next Regular, serif;\"><span style=\"font-size: small;\"> ce que nous avions \u00e9tal\u00e9 sur 5 ans\u00a0! <\/span><\/span><\/span><span style=\"color: #000000;\"><span style=\"font-family: Avenir Next Demi Bold, serif;\"><span style=\"font-size: small;\"><b>Plus grave<\/b><\/span><\/span><\/span><span style=\"color: #000000;\"><span style=\"font-family: Avenir Next Regular, serif;\"><span style=\"font-size: small;\"> encore, vous <\/span><\/span><\/span><span style=\"color: #000000;\"><span style=\"font-family: Avenir Next Demi Bold, serif;\"><span style=\"font-size: small;\"><b>trahissez<\/b><\/span><\/span><\/span><span style=\"color: #000000;\"><span style=\"font-family: Avenir Next Regular, serif;\"><span style=\"font-size: small;\"> votre engagement de campagne\u00a0! alors que vous <\/span><\/span><\/span><span style=\"color: #000000;\"><span style=\"font-family: Avenir Next Demi Bold, serif;\"><span style=\"font-size: small;\"><b>SAVIEZ<\/b><\/span><\/span><\/span><span style=\"color: #000000;\"><span style=\"font-family: Avenir Next Regular, serif;\"><span style=\"font-size: small;\"> durant la campagne \u00e9lectorale municipale que les Dotations de l\u2019Etat aux communes allaient bcp baisser (c\u2019\u00e9tait dans le <\/span><\/span><\/span><span style=\"color: #000000;\"><span style=\"font-family: Avenir Next Demi Bold, serif;\"><span style=\"font-size: small;\"><b>PLF d\u2019Oct.2013\u00a0<\/b><\/span><\/span><\/span><span style=\"color: #000000;\"><span style=\"font-family: Avenir Next Regular, serif;\"><span style=\"font-size: small;\">!). <\/span><\/span><\/span><span style=\"color: #000000;\"><span style=\"font-family: Avenir Next Regular, serif;\"><span style=\"font-size: small;\"><span style=\"text-decoration: underline;\">Votre engagement<\/span><\/span><\/span><\/span><span style=\"color: #000000;\"><span style=\"font-family: Avenir Next Regular, serif;\"><span style=\"font-size: small;\">\u00a0: \u00ab\u00a0 arr\u00eat de l\u2019augmentation incessante des imp\u00f4ts communaux\u00a0\u00bb\u00a0s\u2019adressait-il donc aux cr\u00e9dules ou aux na\u00effs\u00a0?! En fait, le <\/span><\/span><\/span><span style=\"color: #000000;\"><span style=\"font-family: Avenir Next Demi Bold, serif;\"><span style=\"font-size: small;\"><b>grand saut fiscal<\/b><\/span><\/span><\/span><span style=\"color: #000000;\"><span style=\"font-family: Avenir Next Regular, serif;\"><span style=\"font-size: small;\"> \u00e9tait \u00e0 pr\u00e9voir d\u00e8s le d\u00e9but de l\u2019ann\u00e9e pour qui avait su entendre tous les implicites de Votre discours de V\u0153ux de Janvier 2016\u00a0!<\/span><\/span><\/span><\/p>\n<p align=\"JUSTIFY\"><span style=\"color: #000000;\"><span style=\"font-family: Avenir Next Regular, serif;\"><span style=\"font-size: small;\">Je pense \u00e0 tous ces gens qui vous ont fait confiance, ont cru en vos engagements, et qui vont \u00eatre s\u00e9v\u00e8rement touch\u00e9s\u00a0(<\/span><\/span><\/span><span style=\"color: #000000;\"><span style=\"font-family: Avenir Next Demi Bold, serif;\"><span style=\"font-size: small;\"><b>+<\/b><\/span><\/span><\/span><span style=\"color: #000000;\"><span style=\"font-family: Avenir Next Regular, serif;\"><span style=\"font-size: small;\"> risques d\u2019augmentation TVA et CSG possibles). Le Thor n\u2019est pas une commune riche\u00a0! Je pense aux 25% de retrait\u00e9s souvent tr\u00e8s modestes, parfois petits propri\u00e9taires, pour lesquels la TF repr\u00e9sentera jusqu\u2019\u00e0 2 mois de pension, je pense aux 30% de femmes seules et\/ou familles mono parentales, aux veuves, aux <\/span><\/span><\/span><span style=\"color: #000000;\"><span style=\"font-family: Avenir Next Demi Bold, serif;\"><span style=\"font-size: small;\"><b>53%<\/b><\/span><\/span><\/span><span style=\"color: #000000;\"><span style=\"font-family: Avenir Next Regular, serif;\"><span style=\"font-size: small;\"> de thorois qui ont <\/span><\/span><\/span><span style=\"color: #000000;\"><span style=\"font-family: Avenir Next Demi Bold, serif;\"><span style=\"font-size: small;\"><b>moins<\/b><\/span><\/span><\/span><span style=\"color: #000000;\"><span style=\"font-family: Avenir Next Regular, serif;\"><span style=\"font-size: small;\"> de 20.000 euros annuels de revenus (dont 13% sous le seuil de pauvret\u00e9.)<\/span><\/span><\/span><\/p>\n<p align=\"JUSTIFY\"><span style=\"color: #000000;\"><span style=\"font-family: Avenir Next Regular, serif;\"><span style=\"font-size: small;\">Je veux vous dire que vous NE pouvez PAS mettre sur le dos de la <\/span><\/span><\/span><span style=\"color: #000000;\"><span style=\"font-family: Avenir Next Demi Bold, serif;\"><span style=\"font-size: small;\"><b>seule<\/b><\/span><\/span><\/span><span style=\"color: #000000;\"><span style=\"font-family: Avenir Next Regular, serif;\"><span style=\"font-size: small;\"> baisse de la DGF votre tr\u00e8s cons\u00e9quente et brutale augmentation des imp\u00f4ts locaux\u00a0! (<\/span><\/span><\/span><span style=\"color: #000000;\"><span style=\"font-family: Avenir Next Demi Bold, serif;\"><span style=\"font-size: small;\"><b>+<\/b><\/span><\/span><\/span><span style=\"color: #000000;\"><span style=\"font-family: Avenir Next Regular, serif;\"><span style=\"font-size: small;\"> 12% TH\u00a0; <\/span><\/span><\/span><span style=\"color: #000000;\"><span style=\"font-family: Avenir Next Demi Bold, serif;\"><span style=\"font-size: small;\"><b>+<\/b><\/span><\/span><\/span><span style=\"color: #000000;\"><span style=\"font-family: Avenir Next Regular, serif;\"><span style=\"font-size: small;\">10% TF\u00a0; <\/span><\/span><\/span><span style=\"color: #000000;\"><span style=\"font-family: Avenir Next Demi Bold, serif;\"><span style=\"font-size: small;\"><b>+<\/b><\/span><\/span><\/span><span style=\"color: #000000;\"><span style=\"font-family: Avenir Next Regular, serif;\"><span style=\"font-size: small;\">2,3% TFnb)<\/span><\/span><\/span><\/p>\n<p align=\"JUSTIFY\"><span style=\"color: #000000;\"><span style=\"font-family: Avenir Next Regular, serif;\"><span style=\"font-size: small;\">De <\/span><\/span><\/span><span style=\"color: #000000;\"><span style=\"font-family: Avenir Next Demi Bold, serif;\"><span style=\"font-size: small;\"><b>2008 \u00e0 2014<\/b><\/span><\/span><\/span><span style=\"color: #000000;\"><span style=\"font-family: Avenir Next Regular, serif;\"><span style=\"font-size: small;\">, NOUS avions r\u00e9ussi \u00e0 baisser la dette de 40%, NOUS avions divis\u00e9 <\/span><\/span><\/span><span style=\"color: #000000;\"><span style=\"font-family: Avenir Next Demi Bold, serif;\"><span style=\"font-size: small;\"><b>par 3<\/b><\/span><\/span><\/span><span style=\"color: #000000;\"><span style=\"font-family: Avenir Next Regular, serif;\"><span style=\"font-size: small;\"> le montant du remboursement annuel des int\u00e9r\u00eats, et divis\u00e9 <\/span><\/span><\/span><span style=\"color: #000000;\"><span style=\"font-family: Avenir Next Demi Bold, serif;\"><span style=\"font-size: small;\"><b>par 2<\/b><\/span><\/span><\/span><span style=\"color: #000000;\"><span style=\"font-family: Avenir Next Regular, serif;\"><span style=\"font-size: small;\"> l\u2019endettement communal de chaque thorois. VOUS, <\/span><\/span><\/span><span style=\"color: #000000;\"><span style=\"font-family: Avenir Next Demi Bold, serif;\"><span style=\"font-size: small;\"><b>vou<\/b><\/span><\/span><\/span><span style=\"color: #000000;\"><span style=\"font-family: Avenir Next Regular, serif;\"><span style=\"font-size: small;\">s faites le choix d\u2019augmenter la dette\u00a0: apr\u00e8s un emprunt de 2 millions \u20ac (annonc\u00e9 en CM en Oct.), vous programmez des emprunts suppl\u00e9mentaires de 1 million\u20ac annuel \u00e0 partir de 2018\u00a0! alors que les taux d\u2019int\u00e9r\u00eats sont en train d\u2019augmenter (taux de base de 0,03 Sept. \u00e0 0,83 en D\u00e9cembre.&gt;x 30\u00a0!) c\u2019est pour le moins imprudent\u00a0!<\/span><\/span><\/span><\/p>\n<p align=\"JUSTIFY\"><span style=\"color: #000000;\"><span style=\"font-family: Avenir Next Regular, serif;\"><span style=\"font-size: small;\">En fait, Mr le Maire, c\u2019est parce que, <\/span><\/span><\/span><span style=\"color: #000000;\"><span style=\"font-family: Avenir Next Regular, serif;\"><span style=\"font-size: small;\"><span style=\"text-decoration: underline;\">contrairement \u00e0 <\/span><\/span><\/span><\/span><span style=\"color: #000000;\"><span style=\"font-family: Avenir Next Demi Bold, serif;\"><span style=\"font-size: small;\"><span style=\"text-decoration: underline;\"><b>nous en 2008<\/b><\/span><\/span><\/span><\/span><span style=\"color: #000000;\"><span style=\"font-family: Avenir Next Regular, serif;\"><span style=\"font-size: small;\">, vous <\/span><\/span><\/span><span style=\"color: #000000;\"><span style=\"font-family: Avenir Next Regular, serif;\"><span style=\"font-size: small;\"><b>vous<\/b><\/span><\/span><\/span><span style=\"color: #000000;\"><span style=\"font-family: Avenir Next Regular, serif;\"><span style=\"font-size: small;\"> avez trouv\u00e9 une situation financi\u00e8re <\/span><\/span><\/span><span style=\"color: #000000;\"><span style=\"font-family: Avenir Next Demi Bold, serif;\"><span style=\"font-size: small;\"><b>tr\u00e8s saine en 2014<\/b><\/span><\/span><\/span><span style=\"color: #000000;\"><span style=\"font-family: Avenir Next Regular, serif;\"><span style=\"font-size: small;\"> , que <\/span><\/span><\/span><span style=\"color: #000000;\"><span style=\"font-family: Avenir Next Regular, serif;\"><span style=\"font-size: small;\"><b>vous avez pu<\/b><\/span><\/span><\/span><span style=\"color: #000000;\"><span style=\"font-family: Avenir Next Regular, serif;\"><span style=\"font-size: small;\"> \u00ab\u00a0tenir\u00a0\u00bb deux ans et demi, jusqu\u2019\u00e0 ce que les capacit\u00e9s d\u2019autofinancement de la Commune atteignent un seuil d\u2019alerte\u00a0! <\/span><\/span><\/span><\/p>\n<p align=\"JUSTIFY\"><span style=\"color: #000000;\"><span style=\"font-family: Avenir Next Demi Bold, serif;\"><span style=\"font-size: small;\"><b>EN conclusion<\/b><\/span><\/span><\/span><span style=\"color: #000000;\"><span style=\"font-family: Avenir Next Regular, serif;\"><span style=\"font-size: small;\">, osons une hyperbole que j\u2019esp\u00e8re vous recevrez avec humour\u00a0: votre gouvernance et votre orientation budg\u00e9taire 2017, me font penser \u00e0 celles de nombreux autres responsables \u00ab\u00a0politiques \u00e9minents\u00a0\u00bb\u00a0: beaucoup de communication\/marketing en <\/span><\/span><\/span><span style=\"color: #000000;\"><span style=\"font-family: Avenir Next Regular, serif;\"><span style=\"font-size: small;\"><i><b>trompe l\u2019\u0153il<\/b><\/i><\/span><\/span><\/span><span style=\"color: #000000;\"><span style=\"font-family: Avenir Next Regular, serif;\"><span style=\"font-size: small;\">, du matraquage fiscal, de l\u2019endettement aggrav\u00e9\u00a0! <\/span><\/span><\/span><\/p>\n<p align=\"JUSTIFY\"><span style=\"color: #000000;\"><span style=\"font-family: Avenir Next Regular, serif;\"><span style=\"font-size: small;\">Je vous remercie de votre attention\u00a0!<\/span><\/span><\/span><\/p>\n<p align=\"JUSTIFY\"><span style=\"color: #000000;\"><span style=\"font-family: Avenir Next Demi Bold, serif;\"><span style=\"font-size: small;\"><span style=\"text-decoration: underline;\"><b>Intervention de Bruno Ripoll<\/b><\/span><\/span><\/span><\/span><\/p>\n<p align=\"JUSTIFY\"><span style=\"font-family: Avenir Next Regular, serif;\"><span style=\"font-size: small;\">Monsieur le Maire, apr\u00e8s un long atermoiement au sujet des difficult\u00e9s pos\u00e9es aux collectivit\u00e9s locales dans un contexte national contraint et en crise, tant sur le plan \u00e9conomique que social, vous rapportez au niveau local votre r\u00e9ussite personnelle qui tiendrait gr\u00e2ce \u00e0 des d\u00e9penses de fonctionnement \u00abcontenues\u00bb et par une sorte d&rsquo;aboutissement de votre \u00ab\u00a0politique volontariste\u00a0\u00bb en mati\u00e8re d\u2019investissement pour la commune. Votre pr\u00e9sentation n&rsquo;est pas tr\u00e8s coh\u00e9rente et est illusoire.<\/span><\/span><\/p>\n<p><span style=\"font-family: Avenir Next Regular, serif;\"><span style=\"font-size: small;\">Force est de constater que votre promesse de ma\u00eetrise des d\u00e9penses et de d\u00e9veloppement de l\u2019investissement est sur la voie de l\u2019\u00e9chec.<\/span><\/span><\/p>\n<p align=\"JUSTIFY\"><span style=\"font-family: Avenir Next Regular, serif;\"><span style=\"font-size: small;\">Durant votre campagne \u00e9lectorale, vous avez formul\u00e9 de nombreuses promesses et notamment vous avez fond\u00e9 votre programme et votre politique sur l\u2019\u00abarr\u00eat imm\u00e9diat de toute hausse\u00bb des taux des taxes locales. <\/span><\/span><\/p>\n<p align=\"JUSTIFY\"><span style=\"font-family: Avenir Next Regular, serif;\"><span style=\"font-size: small;\">Hors, vous nous annoncez ce soir, une augmentation de 2 points des taxes m\u00e9nag\u00e8res, soit autant en une seule fois, que les augmentations de taux mises en \u0153uvre par la municipalit\u00e9 pr\u00e9c\u00e9dente durant les cinq derni\u00e8res ann\u00e9es de son mandat, ce qui prouve bien que vous reconnaissez implicitement votre \u00e9chec.<\/span><\/span><\/p>\n<p align=\"JUSTIFY\"><span style=\"font-family: Avenir Next Regular, serif;\"><span style=\"font-size: small;\">Par ailleurs, vous pr\u00e9voyez un nouvel emprunt \u00e0 partir de 2018, \u00e0 hauteur de 1 million d&rsquo;euros par an\u2026<\/span><\/span><\/p>\n<p align=\"JUSTIFY\"><span style=\"font-family: Avenir Next Regular, serif;\"><span style=\"font-size: small;\">Une importante augmentation des imp\u00f4ts locaux, un endettement qui repart \u00e0 la hausse, des services publics de plus en plus r\u00e9duits,&#8230; Vos engagements ne sont pas tenus, les Thorois appr\u00e9cieront.<\/span><\/span><\/p>\n<p align=\"JUSTIFY\"><span style=\"color: #000000;\"><span style=\"font-family: Avenir Next Demi Bold, serif;\"><span style=\"font-size: small;\"><span style=\"text-decoration: underline;\"><b>Intervention de V\u00e9ronique :<\/b><\/span><\/span><\/span><\/span><\/p>\n<p align=\"JUSTIFY\"><span style=\"color: #000000;\"><span style=\"font-family: Avenir Next Regular, serif;\"><span style=\"font-size: small;\">\u00ab\u00a0Ce soir je voudrais simplement vous interpeller, vous \u00e9lus de la majorit\u00e9, pour savoir si vous vous sentez \u00e0 l\u2019aise :<\/span><\/span><\/span><\/p>\n<ul>\n<li>\n<p align=\"JUSTIFY\"><span style=\"color: #000000;\"><span style=\"font-family: Avenir Next Regular, serif;\"><span style=\"font-size: small;\">d\u2019une part avec ces augmentations d\u2019imp\u00f4ts que je rappelle :<\/span><\/span><\/span><\/p>\n<\/li>\n<\/ul>\n<p align=\"JUSTIFY\"><span style=\"color: #000000;\"><span style=\"font-family: Avenir Next Regular, serif;\"><span style=\"font-size: small;\">12,15% pour la taxe d\u2019habitation (soit en une seule fois une augmentation sup\u00e9rieure \u00e0 ce qui avait \u00e9t\u00e9 fait en 6 ans, pour compl\u00e9ter ce qu\u2019a dit Madame Martin)<\/span><\/span><\/span><\/p>\n<p align=\"JUSTIFY\"><span style=\"color: #000000;\"><span style=\"font-family: Avenir Next Regular, serif;\"><span style=\"font-size: small;\">9,65% pour la taxe sur le foncier b\u00e2ti (en une fois ce qui avait \u00e9t\u00e9 fait en 5 ans de 2009 \u00e0 2014)<\/span><\/span><\/span><\/p>\n<p align=\"JUSTIFY\"><span style=\"color: #000000;\"><span style=\"font-family: Avenir Next Regular, serif;\"><span style=\"font-size: small;\">2,27% sur le foncier non b\u00e2ti (soit l\u2019\u00e9quivalent de ce qui avait \u00e9t\u00e9 fait en 3 ans de 2011 \u00e0 2014)<\/span><\/span><\/span><\/p>\n<p align=\"JUSTIFY\"><span style=\"color: #000000;\"><span style=\"font-family: Avenir Next Regular, serif;\"><span style=\"font-size: small;\">L\u2019endettement devant repartir fortement, le remboursement de la dette pr\u00e9visible augure mal de l\u2019\u00e9volution des imp\u00f4ts \u00e0 venir. <\/span><\/span><\/span><\/p>\n<ul>\n<li>\n<p align=\"JUSTIFY\"><span style=\"color: #000000;\"><span style=\"font-family: Avenir Next Regular, serif;\"><span style=\"font-size: small;\">D\u2019autre part au sujet des d\u00e9penses de fonctionnement :<\/span><\/span><\/span><\/p>\n<\/li>\n<\/ul>\n<p align=\"JUSTIFY\"><span style=\"color: #000000;\"><span style=\"font-family: Avenir Next Regular, serif;\"><span style=\"font-size: small;\">apr\u00e8s vous \u00eatre amplement offusqu\u00e9 durant 3 exercices (et 3 d\u00e9bats d\u2019orientation budg\u00e9taire) au sujet des charges de la commune notamment en mati\u00e8re de frais de personnel, vous semblez \u00ab l\u00e2cher l\u2019affaire sur leur compression \u00bb puisqu\u2019elles \u00ab varient peu d\u2019une ann\u00e9e \u00e0 l\u2019autre m\u00eame si des efforts sont faits \u00bb.<\/span><\/span><\/span><\/p>\n<p align=\"JUSTIFY\"><span style=\"color: #000000;\"><span style=\"font-family: Avenir Next Regular, serif;\"><span style=\"font-size: small;\">A l\u2019aune de ces \u00e9volutions d\u2019imp\u00f4ts et des v\u0153ux pieux de votre campagne les Thorois appr\u00e9cieront les promesses faites en 2014, dont le non respect entache fortement votre cr\u00e9dibilit\u00e9.<\/span><\/span><\/span><\/p>\n<p align=\"JUSTIFY\"><span style=\"color: #000000;\"><span style=\"font-family: Avenir Next Demi Bold, serif;\"><span style=\"font-size: small;\"><span style=\"text-decoration: underline;\"><b>Yves BAYON DE NOYER :<\/b><\/span><\/span><\/span><\/span><\/p>\n<p align=\"JUSTIFY\"><span style=\"color: #000000;\"><span style=\"font-family: Avenir Next Regular, serif;\"><span style=\"font-size: small;\">(<\/span><\/span><\/span><span style=\"color: #000000;\"><span style=\"font-family: Avenir Next Regular, serif;\"><span style=\"font-size: small;\"><i><span style=\"text-decoration: underline;\">\u00e0 destination de Christiane<\/span><\/i><\/span><\/span><\/span><span style=\"color: #000000;\"><span style=\"font-family: Avenir Next Regular, serif;\"><span style=\"font-size: small;\">)<\/span><\/span><\/span><\/p>\n<p align=\"JUSTIFY\"><span style=\"color: #000000;\"><span style=\"font-family: Avenir Next Regular, serif;\"><span style=\"font-size: small;\"><b>\u00ab\u00a0<\/b><\/span><\/span><\/span><span style=\"color: #000000;\"><span style=\"font-family: Avenir Next Regular, serif;\"><span style=\"font-size: small;\">Sur les aspects historiques de <\/span><\/span><\/span><span style=\"color: #000000;\"><span style=\"font-family: Avenir Next Regular, serif;\"><span style=\"font-size: small;\"><span style=\"text-decoration: underline;\">votre<\/span><\/span><\/span><\/span><span style=\"color: #000000;\"><span style=\"font-family: Avenir Next Regular, serif;\"><span style=\"font-size: small;\"> intervention, il faut laisser aux historiens le soin d\u2019\u00e9crire l\u2019histoire. <\/span><\/span><\/span><\/p>\n<p align=\"JUSTIFY\"><span style=\"color: #000000;\"><span style=\"font-family: Avenir Next Regular, serif;\"><span style=\"font-size: small;\"><i>(<\/i><\/span><\/span><\/span><span style=\"color: #0000ff;\"><span style=\"font-family: Avenir Next Regular, serif;\"><span style=\"font-size: small;\"><i>On voit bien dans cet \u00e9nonc\u00e9 l\u2019esprit douteux qui l\u2019inspire\u00a0: les historiens <\/i><\/span><\/span><\/span><span style=\"color: #0000ff;\"><span style=\"font-family: Avenir Next Regular, serif;\"><span style=\"font-size: small;\"><i><b>n\u2019\u00e9crivent PAS l\u2019Histoire<\/b><\/i><\/span><\/span><\/span><span style=\"color: #0000ff;\"><span style=\"font-family: Avenir Next Regular, serif;\"><span style=\"font-size: small;\"><i> (sauf les r\u00e9visionnistes) ils en rapportent<\/i><\/span><\/span><\/span><i> <\/i><span style=\"color: #0000ff;\"><span style=\"font-family: Avenir Next Regular, serif;\"><span style=\"font-size: small;\"><i>les faits\u00a0! <\/i><\/span><\/span><\/span><span style=\"color: #0000ff;\"><span style=\"font-family: Avenir Next Regular, serif;\"><span style=\"font-size: small;\"><i><b>ici<\/b><\/i><\/span><\/span><\/span><span style=\"color: #0000ff;\"><span style=\"font-family: Avenir Next Regular, serif;\"><span style=\"font-size: small;\"><i> il s\u2019agissait d\u2019expliquer leurs cons\u00e9quences \u00e9conomiques ayant entrain\u00e9 la multiplication de la dette des \u00e9tats\u00a0! et ce sont des choix politiques\u00a0!)<\/i><\/span><\/span><\/span><\/p>\n<p align=\"JUSTIFY\"><span style=\"color: #000000;\"><span style=\"font-family: Avenir Next Regular, serif;\"><span style=\"font-size: small;\">Mais personne ne peut ignorer que le budget national en cours d&rsquo;\u00eatre vot\u00e9 (<\/span><\/span><\/span><span style=\"color: #000080;\"><span style=\"font-family: Avenir Next Regular, serif;\"><span style=\"font-size: small;\"><i>il l\u2019EST\u00a0<\/i><\/span><\/span><\/span><span style=\"color: #0000ff;\"><span style=\"font-family: Avenir Next Regular, serif;\"><span style=\"font-size: small;\"><i>! puisque le S\u00e9nat a refus\u00e9 d\u2019en d\u00e9battre<\/i><\/span><\/span><\/span><span style=\"color: #008000;\"><span style=\"font-family: Avenir Next Regular, serif;\"><span style=\"font-size: small;\">\u00a0!) <\/span><\/span><\/span><span style=\"color: #000000;\"><span style=\"font-family: Avenir Next Regular, serif;\"><span style=\"font-size: small;\">aura du mal \u00e0 \u00eatre tenu, on a donc pris des gants pour \u00e9laborer le n\u00f4tre.<\/span><\/span><\/span><\/p>\n<p align=\"JUSTIFY\"><span style=\"color: #000000;\"><span style=\"font-family: Avenir Next Regular, serif;\"><span style=\"font-size: small;\">Au sujet des agents : oui nous voulons am\u00e9liorer le pr\u00e9sent\u00e9isme car l\u2019absent\u00e9isme est un fl\u00e9au\u00a0; alors est-ce-que le contexte national mettra des outils pour am\u00e9liorer ? C\u2019est possible mais nous ne pouvons le pr\u00e9voir. Quand on se met en maladie sans justification c&rsquo;est du vol <\/span><\/span><\/span><span style=\"color: #000000;\"><span style=\"font-family: Avenir Next Regular, serif;\"><span style=\"font-size: small;\"><b>d\u2019argent public<\/b><\/span><\/span><\/span><span style=\"color: #000000;\"><span style=\"font-family: Avenir Next Regular, serif;\"><span style=\"font-size: small;\">. <\/span><\/span><\/span><\/p>\n<p align=\"JUSTIFY\"><span style=\"color: #000000;\"><span style=\"font-family: Avenir Next Regular, serif;\"><span style=\"font-size: small;\">Au sujet des TAP personne ne sait ce qui sera fait, donc on a rappel\u00e9 que l&rsquo;activit\u00e9 peu<\/span><\/span><\/span><span style=\"color: #000000;\"><span style=\"font-family: Avenir Next Regular, serif;\"><span style=\"font-size: small;\"><b>t<\/b><\/span><\/span><\/span><span style=\"color: #000000;\"><span style=\"font-family: Avenir Next Regular, serif;\"><span style=\"font-size: small;\"> \u00e9voluer. <\/span><\/span><\/span><\/p>\n<p align=\"JUSTIFY\"><span style=\"color: #000000;\"><span style=\"font-family: Avenir Next Regular, serif;\"><span style=\"font-size: small;\">Pour les transferts de comp\u00e9tence<\/span><\/span><\/span><span style=\"color: #000000;\"><span style=\"font-family: Avenir Next Regular, serif;\"><span style=\"font-size: small;\"><b>s<\/b><\/span><\/span><\/span><span style=\"color: #000000;\"><span style=\"font-family: Avenir Next Regular, serif;\"><span style=\"font-size: small;\"> : ils sont obligatoires comme l\u2019Aire des Gens du Voyage et quand on transf\u00e8re, on transf\u00e8re l&rsquo;int\u00e9gralit\u00e9 des co\u00fbts. Les co\u00fbts d&rsquo;amortissement du bien seront \u00e9galement transf\u00e9r\u00e9s pour renouveler le parc. Ce n&rsquo;est pas une charge. <\/span><\/span><\/span><\/p>\n<p align=\"JUSTIFY\"><span style=\"color: #000000;\"><span style=\"font-family: Avenir Next Regular, serif;\"><span style=\"font-size: small;\">Transfert des archives : ce co\u00fbt nous ne l&rsquo;auront plus sur la commune. On peut supposer que la gestion \u00e0 l\u2019intercommunalit\u00e9 doit am\u00e9liorer le service transf\u00e9r\u00e9. Nous pesons 30% sur l\u2019intercommunalit\u00e9, mais nous ne sommes plus seuls \u00e0 d\u00e9cider. Le transf<\/span><\/span><\/span><span style=\"color: #000000;\"><span style=\"font-family: Avenir Next Regular, serif;\"><span style=\"font-size: small;\"><b>ert<\/b><\/span><\/span><\/span><span style=\"color: #000000;\"><span style=\"font-family: Avenir Next Regular, serif;\"><span style=\"font-size: small;\"> des archives relevait du bon sens : les conditions de stockage n&rsquo;\u00e9taient pas conformes.<\/span><\/span><\/span><\/p>\n<p align=\"JUSTIFY\"><span style=\"color: #0000ff;\"><span style=\"font-family: Avenir Next Regular, serif;\"><span style=\"font-size: small;\">(<\/span><\/span><\/span><span style=\"color: #0000ff;\"><span style=\"font-family: Avenir Next Regular, serif;\"><span style=\"font-size: small;\"><i>Cette r\u00e9ponse est lapidaire\u00a0! et prend soin d\u2018\u00e9viter ce qui g\u00e8ne &#8211; les points \u00ab\u00a0douloureux\u00a0\u00bb &#8211; Urbanisme\/instruction permis de construire, assainissement.. elle ne r\u00e9pond donc pas \u00e0 mes objections de NON \u00e9conomies au final, en particulier sur la <\/i><\/span><\/span><\/span><span style=\"color: #0000ff;\"><span style=\"font-family: Avenir Next Regular, serif;\"><span style=\"font-size: small;\"><i><b>grosse dette<\/b><\/i><\/span><\/span><\/span><span style=\"color: #0000ff;\"><span style=\"font-family: Avenir Next Regular, serif;\"><span style=\"font-size: small;\"><i> qui devient un passif partag\u00e9 ! alors que le Thor n\u2019en avait pas\u00a0; Se Tait aussi sur les + 50% d\u2019augmentation tarifaire)<\/i><\/span><\/span><\/span><\/p>\n<p align=\"JUSTIFY\"><span style=\"color: #000000;\"><span style=\"font-family: Avenir Next Regular, serif;\"><span style=\"font-size: small;\">L&rsquo;endettement : des choses fausses ont \u00e9t\u00e9 dites\u00a0; le CM est l\u2019occasion d\u2019un<\/span><\/span><\/span><span style=\"color: #144565;\"><span style=\"font-family: Avenir Next Demi Bold, serif;\"><span style=\"font-size: small;\"><b> jeu de r\u00f4le <\/b><\/span><\/span><\/span><span style=\"color: #000000;\"><span style=\"font-family: Avenir Next Regular, serif;\"><span style=\"font-size: small;\">et je l\u2019accepte, mais ce qu&rsquo;il faut savoir c&rsquo;est que la commune se d\u00e9sendette chaque ann\u00e9e alors quand nous parlons (dans DOB) de +1 million d\u2019emprunt suppl\u00e9mentaire chaque ann\u00e9e, il faut tenir compte des emprunts dont le remboursement est effectif pour estimer l\u2019impact sur les finances communales. (<\/span><\/span><\/span><span style=\"color: #3366ff;\"><span style=\"font-family: Avenir Next Regular, serif;\"><span style=\"font-size: small;\"><i>Cette partie de r\u00e9ponse enfonce des<\/i><\/span><\/span><\/span> <span style=\"color: #0000ff;\"><span style=\"font-family: Avenir Next Regular, serif;\"><span style=\"font-size: small;\"><i>portes ouvertes\u00a0! <\/i><\/span><\/span><\/span><span style=\"color: #0000ff;\"><span style=\"font-family: Avenir Next Regular, serif;\"><span style=\"font-size: small;\"><i><b>+<\/b><\/i><\/span><\/span><\/span><span style=\"color: #0000ff;\"><span style=\"font-family: Avenir Next Regular, serif;\"><span style=\"font-size: small;\"><i> Langue de bois\u00a0!)<\/i><\/span><\/span><\/span><\/p>\n<p align=\"JUSTIFY\"><span style=\"color: #000000;\"><span style=\"font-family: Avenir Next Regular, serif;\"><span style=\"font-size: small;\">Les exc\u00e8s d&rsquo;endettement sont mauvais mais l&rsquo;endettement n&rsquo;est pas une maladie. Quand on fait peu de projets c&rsquo;est s<\/span><\/span><\/span><span style=\"color: #000000;\"><span style=\"font-family: Avenir Next Regular, serif;\"><span style=\"font-size: small;\"><b>\u00fbr<\/b><\/span><\/span><\/span><span style=\"color: #000000;\"><span style=\"font-family: Avenir Next Regular, serif;\"><span style=\"font-size: small;\"> qu&rsquo;on n&rsquo;a pas beaucoup d&#8217;emprunts. Nous avons la chance de pouvoir d\u00e9dier un exc\u00e9dent \u00e0 de nouveaux investissements. <\/span><\/span><\/span><\/p>\n<p align=\"JUSTIFY\"><span style=\"color: #000000;\"><span style=\"font-family: Avenir Next Regular, serif;\"><span style=\"font-size: small;\">Si tout avait \u00e9t\u00e9 bien fait par l\u2019\u00e9quipe pr\u00e9c\u00e9dente, les \u00e9lecteurs auraient peut \u00eatre vot\u00e9 en votre faveur en 2014 !<\/span><\/span><\/span><\/p>\n<p align=\"JUSTIFY\"><span style=\"color: #000000;\"><span style=\"font-family: Avenir Next Regular, serif;\"><span style=\"font-size: small;\">Les augmentations de taxe : chaque municipalit\u00e9 souhaitent minorer mais quand l&rsquo;\u00e9tat ne tient pas ses engagements, (<\/span><\/span><\/span><span style=\"color: #0000ff;\"><span style=\"font-family: Avenir Next Regular, serif;\"><span style=\"font-size: small;\"><i>c\u2019est \u00ab\u00a0gonfl\u00e9\u00a0\u00bb\u00a0: il <\/i><\/span><\/span><\/span><span style=\"color: #0000ff;\"><span style=\"font-family: Avenir Next Regular, serif;\"><span style=\"font-size: small;\"><i><b>reproche<\/b><\/i><\/span><\/span><\/span><span style=\"color: #0000ff;\"><span style=\"font-family: Avenir Next Regular, serif;\"><span style=\"font-size: small;\"><b> \u00e0<\/b><\/span><\/span><\/span> <span style=\"color: #0000ff;\"><span style=\"font-family: Avenir Next Regular, serif;\"><span style=\"font-size: small;\"><i>l\u2019Etat <\/i><\/span><\/span><\/span><span style=\"color: #0000ff;\"><span style=\"font-family: Avenir Next Regular, serif;\"><span style=\"font-size: small;\"><i><b>ce qu\u2019il fait lui-m\u00eame<\/b><\/i><\/span><\/span><\/span><span style=\"color: #0000ff;\"><span style=\"font-family: Avenir Next Regular, serif;\"><span style=\"font-size: small;\"><i>\u00a0! alors qu\u2019il savait que la DGF allait baisser \u2013 c\u2019est ce que je lui dis dans mon intervention<\/i><\/span><\/span><\/span><span style=\"color: #0000ff;\"><span style=\"font-family: Avenir Next Regular, serif;\"><span style=\"font-size: small;\">\u00a0!) <\/span><\/span><\/span><span style=\"color: #000000;\"><span style=\"font-family: Avenir Next Regular, serif;\"><span style=\"font-size: small;\"> et ce ne sont pas les petites dotations qui viennent compenser les pertes des grosses, et quand on vous met des charges suppl\u00e9mentaires comme les charges de s\u00e9curit\u00e9, nous sommes oblig\u00e9s de mettre des agents en place , qui sont r\u00e9mun\u00e9r\u00e9s et en heure suppl\u00e9mentaires de surcroit. Face \u00e0 \u00e7a on peut supprimer tous les projets mais je ne pense pas que ce \u2026.? <\/span><\/span><\/span><\/p>\n<p align=\"JUSTIFY\"><span style=\"color: #000000;\"><span style=\"font-family: Avenir Next Regular, serif;\"><span style=\"font-size: small;\">Toujours sur les Taxes : il faudrait qu&rsquo;on vous envoie un tableau car votre comparatifs est faux ! Vos chiffres sont inexactes, nous pourrions vous transmettre les tableaux et vous verriez que vous avez de votre c\u00f4t\u00e9 augment\u00e9 de 30% les imp\u00f4ts durant votre mandat. (<\/span><\/span><\/span><span style=\"color: #0000ff;\"><span style=\"font-family: Avenir Next Regular, serif;\"><span style=\"font-size: small;\"><i>LUI de 24,3% sur <\/i><\/span><\/span><\/span><span style=\"color: #0000ff;\"><span style=\"font-family: Avenir Next Regular, serif;\"><span style=\"font-size: small;\"><i><b>1 an<\/b><\/i><\/span><\/span><\/span><span style=\"color: #0000ff;\"><span style=\"font-family: Avenir Next Regular, serif;\"><span style=\"font-size: small;\">\u00a0!)<\/span><\/span><\/span><\/p>\n<p align=\"JUSTIFY\"><span style=\"color: #000000;\"><span style=\"font-family: Avenir Next Regular, serif;\"><span style=\"font-size: small;\"><span style=\"text-decoration: underline;\">Intervention de <\/span><\/span><\/span><\/span><span style=\"color: #000000;\"><span style=\"font-family: Avenir Next Regular, serif;\"><span style=\"font-size: small;\"><span style=\"text-decoration: underline;\"><b>Bruno<\/b><\/span><\/span><\/span><\/span><span style=\"color: #000000;\"><span style=\"font-family: Avenir Next Regular, serif;\"><span style=\"font-size: small;\"><span style=\"text-decoration: underline;\">, dans le cadre de la discussion<\/span><\/span><\/span><\/span><span style=\"color: #000000;\"><span style=\"font-family: Avenir Next Regular, serif;\"><span style=\"font-size: small;\"> :<\/span><\/span><\/span><\/p>\n<p align=\"JUSTIFY\"><span style=\"color: #000000;\"><span style=\"font-family: Avenir Next Regular, serif;\"><span style=\"font-size: small;\">Lorsque nous avons pris nos fonctions en 2008, le pr\u00e9fet nous a alert\u00e9<\/span><\/span><\/span><span style=\"color: #000000;\"><span style=\"font-family: Avenir Next Regular, serif;\"><span style=\"font-size: small;\"><b>s<\/b><\/span><\/span><\/span><span style=\"color: #000000;\"><span style=\"font-family: Avenir Next Regular, serif;\"><span style=\"font-size: small;\"> sur l\u2019\u00e9tat des finances de la commune d\u00fb \u00e0 la gestion de l\u2019\u00e9quipe pr\u00e9c\u00e9dente (MR GIRAUD). L\u2019augmentation cons\u00e9quente des imp\u00f4ts 2009 \u00e9tait obligatoire pour \u00e9viter la mise sous tutelle des comptes de la commune. Vous avez trouv\u00e9 \u00e0 votre arriv\u00e9e une situation bien plus saine que ce que nous avions trouv\u00e9 en 2008 (ainsi que vous l\u2019a fait remarquer Mme Martin !)<\/span><\/span><\/span><\/p>\n<p align=\"JUSTIFY\"><span style=\"color: #000000;\"><span style=\"font-family: Avenir Next Demi Bold, serif;\"><span style=\"font-size: small;\"><span style=\"text-decoration: underline;\"><b>Yves BAYON DE NOYER :<\/b><\/span><\/span><\/span><\/span><\/p>\n<p align=\"JUSTIFY\"><span style=\"color: #000000;\"><span style=\"font-family: Avenir Next Regular, serif;\"><span style=\"font-size: small;\">Nous g\u00e9rons la situation que vous nous avez laiss\u00e9e. <\/span><\/span><\/span><\/p>\n<p><span style=\"color: #000000;\"><span style=\"font-family: Avenir Next Demi Bold, serif;\"><span style=\"font-size: small;\"><span style=\"text-decoration: underline;\"><b>V\u00e9ronique AGOGU\u00c9-FERNAILLON <\/b><\/span><\/span><\/span><\/span><\/p>\n<p align=\"JUSTIFY\"><span style=\"color: #000000;\"><span style=\"font-family: Avenir Next Regular, serif;\"><span style=\"font-size: small;\">Mais nous ne sommes pas contre les imp\u00f4ts, et comme le disait Jacques Olivier \u00e0 l\u2019occasion du DOB de 2014, \u00ab\u00a0ce n\u2019est pas un gros mot !\u00a0\u00bb. C\u2019est l\u2019augmentation brutale et le fait que vous n\u2019avez pas tenu vos promesses \u00e9lectorales qui nous font r\u00e9agir.<\/span><\/span><\/span><\/p>\n<p align=\"JUSTIFY\"><span style=\"color: #000000;\"><span style=\"font-family: Avenir Next Demi Bold, serif;\"><span style=\"font-size: small;\"><span style=\"text-decoration: underline;\"><b>Yves BAYON DE NOYER<\/b><\/span><\/span><\/span><\/span><\/p>\n<p align=\"JUSTIFY\"><span style=\"color: #000000;\"><span style=\"font-family: Avenir Next Regular, serif;\"><span style=\"font-size: small;\">Nous avons \u00e9t\u00e9 \u00e9lus et pas vous : c\u2019est la d\u00e9mocratie !<\/span><\/span><\/span><\/p>\n<p align=\"JUSTIFY\"><span style=\"color: #000000;\"><span style=\"font-family: Avenir Next Demi Bold, serif;\"><span style=\"font-size: small;\"><span style=\"text-decoration: underline;\"><b>Christiane MARTIN <\/b><\/span><\/span><\/span><\/span><\/p>\n<p align=\"JUSTIFY\"><span style=\"color: #000000;\"><span style=\"font-family: Avenir Next Regular, serif;\"><span style=\"font-size: small;\">Je ne peux qu&rsquo;applaudir sur <\/span><\/span><\/span><span style=\"color: #000000;\"><span style=\"font-family: Avenir Next Regular, serif;\"><span style=\"font-size: small;\"><b>votre r\u00e9f\u00e9rence<\/b><\/span><\/span><\/span><span style=\"color: #000000;\"><span style=\"font-family: Avenir Next Regular, serif;\"><span style=\"font-size: small;\"> \u00e0 la d\u00e9mocratie, mais on <\/span><\/span><\/span><span style=\"color: #000000;\"><span style=\"font-family: Avenir Next Regular, serif;\"><span style=\"font-size: small;\"><b>s&rsquo;engage<\/b><\/span><\/span><\/span><span style=\"color: #000000;\"><span style=\"font-family: Avenir Next Regular, serif;\"><span style=\"font-size: small;\"> pendant une campagne\u00a0! et ce qui est choquant, c&rsquo;est de ne <\/span><\/span><\/span><span style=\"color: #000000;\"><span style=\"font-family: Avenir Next Regular, serif;\"><span style=\"font-size: small;\"><b>pas<\/b><\/span><\/span><\/span> <span style=\"color: #000000;\"><span style=\"font-family: Avenir Next Regular, serif;\"><span style=\"font-size: small;\"><b>respecter votre engagement<\/b><\/span><\/span><\/span><span style=\"color: #000000;\"><span style=\"font-family: Avenir Next Regular, serif;\"><span style=\"font-size: small;\">, et ainsi que je vous l\u2019ai dit, vous ne pouvez pas <\/span><\/span><\/span><span style=\"color: #000000;\"><span style=\"font-family: Avenir Next Regular, serif;\"><span style=\"font-size: small;\"><b>arguer d\u2019avoir \u00e0 faire face<\/b><\/span><\/span><\/span><span style=\"color: #000000;\"><span style=\"font-family: Avenir Next Regular, serif;\"><span style=\"font-size: small;\"> \u00e0 une pseudo \u00ab\u00a0situation exceptionnelle\u00a0\u00bb, que <\/span><\/span><\/span><span style=\"color: #000000;\"><span style=\"font-family: Avenir Next Regular, serif;\"><span style=\"font-size: small;\"><b>vous connaissiez\u00a0!<\/b><\/span><\/span><\/span><span style=\"color: #000000;\"><span style=\"font-family: Avenir Next Regular, serif;\"><span style=\"font-size: small;\"> pour renier vos promesses puisqu&rsquo;on savait depuis Octobre 2013 qu\u2019il y aurait une baisse cons\u00e9quente des DGF. <\/span><\/span><\/span><span style=\"color: #000000;\"><span style=\"font-family: Avenir Next Regular, serif;\"><span style=\"font-size: small;\"><b>La d\u00e9mocratie ne se r\u00e9duit<\/b><\/span><\/span><\/span><span style=\"color: #000000;\"><span style=\"font-family: Avenir Next Regular, serif;\"><span style=\"font-size: small;\"> pas \u00e0 l\u2019\u00e9lection\u00a0! C\u2019est aussi l\u2019honn\u00eatet\u00e9 des propos, l\u2019\u00e9thique et la sinc\u00e9rit\u00e9 vis \u00e0 vis des \u00e9lecteurs.<\/span><\/span><\/span><\/p>\n<p align=\"JUSTIFY\"><span style=\"color: #000000;\"><span style=\"font-family: Avenir Next Demi Bold, serif;\"><span style=\"font-size: small;\"><span style=\"text-decoration: underline;\"><b>D\u00e9lib\u00e9ration 16-134<\/b><\/span><\/span><\/span><\/span><\/p>\n<p align=\"JUSTIFY\"><span style=\"color: #000000;\"><span style=\"font-family: Avenir Next Regular, serif;\"><span style=\"font-size: small;\">Vente des parcelles cadastr\u00e9es BA num\u00e9ros 141 et 294 \u00e0 la soci\u00e9t\u00e9 AXEDIA (filiale de Grand Delta Habitat) situ\u00e9es \u00e0 c\u00f4t\u00e9 du cimeti\u00e8re. <\/span><\/span><\/span><\/p>\n<p align=\"JUSTIFY\"><span style=\"color: #000000;\"><span style=\"font-family: Avenir Next Regular, serif;\"><span style=\"font-size: small;\">D&amp;S<\/span><\/span><\/span><span style=\"color: #000000;\"><span style=\"font-family: Avenir Next Regular, serif;\"><span style=\"font-size: small;\"> : il existe une servitude sur ce terrain, en quoi consiste t-elle ? D\u2019autre part, plut\u00f4t que de baisser le prix de vente (de l\u2019ordre de 15%) pourquoi ne pas utiliser les indemnit\u00e9s dues au titre de la loi SRU (objectif de logements sociaux non atteint) pour diminuer la charge fonci\u00e8re du promoteur, si tant est qu\u2019il r\u00e9alisera des logements sociaux ? <\/span><\/span><\/span><\/p>\n<p align=\"JUSTIFY\"><span style=\"color: #000000;\"><span style=\"font-family: Avenir Next Regular, serif;\"><span style=\"font-size: small;\">Christian ROYER :<\/span><\/span><\/span><\/p>\n<p align=\"JUSTIFY\"><span style=\"color: #000000;\"><span style=\"font-family: Avenir Next Regular, serif;\"><span style=\"font-size: small;\">La servitude concerne l\u2019adduction d\u2019eau potable et l\u2019assainissement collectif : les parcelles peuvent \u00eatre vendues \u00e0 la condition que les r\u00e9seaux desservent le site, alors le maire l\u00e8ve la servitude \u00e0 l\u2019occasion de la d\u00e9livrance du PC. Ce qui est le cas donc rien ne s\u2019oppose \u00e0 la r\u00e9alisation de l\u2019op\u00e9ration sur ce site. <\/span><\/span><\/span><\/p>\n<p align=\"JUSTIFY\"><span style=\"color: #000000;\"><span style=\"font-family: Avenir Next Regular, serif;\"><span style=\"font-size: small;\">Concernant les p\u00e9nalit\u00e9s au titre de la loi SRU, elles sont automatiquement revers\u00e9es au bailleur social pour la r\u00e9alisation de son op\u00e9ration de promotion. N\u00e9anmoins la baisse du prix du terrain est justifi\u00e9e par le fait qu\u2019il s\u2019agit d\u2019un terrain tout en longueur dont l\u2019am\u00e9nagement n\u00e9cessite une aire de retournement au bout, une all\u00e9e de desserte\u2026autant d\u2019am\u00e9nagement qui gr\u00e8ve son bilan pr\u00e9visionnel<\/span><\/span><\/span><\/p>\n<p align=\"JUSTIFY\"><span style=\"color: #0000ff;\"><span style=\"font-family: Avenir Next Regular, serif;\"><span style=\"font-size: small;\">Nous avons vot\u00e9 POUR car il s\u2019agit d\u2019utiliser ici une dent creuse dans le b\u00e2ti urbain, afin de densifier et r\u00e9pondre \u00e0 la demande de logements des Thorois, logements sociaux en outre. <\/span><\/span><\/span><\/p>\n<p><span style=\"color: #000000;\"><span style=\"font-family: Avenir Next Demi Bold, serif;\"><span style=\"font-size: small;\"><span style=\"text-decoration: underline;\"><b>D\u00e9lib\u00e9ration 16-135<\/b><\/span><\/span><\/span><\/span><\/p>\n<p align=\"JUSTIFY\"><span style=\"color: #000000;\"><span style=\"font-family: Avenir Next Regular, serif;\"><span style=\"font-size: small;\">Renouvellement de la location d\u2019un terrain communal supportant une antenne de t\u00e9l\u00e9phonie mobile \u00e0 la soci\u00e9t\u00e9 SFR (6809\u20ac\/an) &#8211; route de Caumont.<\/span><\/span><\/span><\/p>\n<p align=\"JUSTIFY\"><span style=\"color: #000000;\"><span style=\"font-family: Avenir Next Regular, serif;\"><span style=\"font-size: small;\">D&amp;S<\/span><\/span><\/span><span style=\"color: #000000;\"><span style=\"font-family: Avenir Next Regular, serif;\"><span style=\"font-size: small;\"> : Le contrat de location pr\u00e9voit 12 ans, c\u2019est long ! d\u2019autant que d\u2019autres dispositifs peuvent \u00eatre install\u00e9s et qu\u2019il y a de la sous-location\u2026<\/span><\/span><\/span><\/p>\n<p align=\"JUSTIFY\"><span style=\"color: #000000;\"><span style=\"font-family: Avenir Next Regular, serif;\"><span style=\"font-size: small;\">Christian ROYER : de nouveaux syst\u00e8mes ont \u00e9t\u00e9 \u00e9labor\u00e9s et la soci\u00e9t\u00e9 SFR veut s\u2019assurer de la p\u00e9rennit\u00e9 du bail avant de faire des travaux couteux. <\/span><\/span><\/span><\/p>\n<p align=\"JUSTIFY\"><span style=\"color: #000000;\"><span style=\"font-family: Avenir Next Regular, serif;\"><span style=\"font-size: small;\">Le loyer a \u00e9t\u00e9 calcul\u00e9 sur la base du loyer existant, actualis\u00e9 sur les base des indices Insee du co\u00fbt \u00e0 la construction. <\/span><\/span><\/span><\/p>\n<p align=\"JUSTIFY\"><span style=\"color: #0000ff;\"><span style=\"font-family: Avenir Next Regular, serif;\"><span style=\"font-size: small;\">Bruno et Christiane se sont abstenus (trop long+ sous-traitance). Nezha et V\u00e9ronique ont vot\u00e9 pour (assurer la p\u00e9rennit\u00e9 de l\u2019\u00e9quipement \u00e0 SFR). <\/span><\/span><\/span><\/p>\n<p align=\"JUSTIFY\"><span style=\"color: #000000;\"><span style=\"font-family: Avenir Next Demi Bold, serif;\"><span style=\"font-size: small;\"><span style=\"text-decoration: underline;\"><b>D\u00e9lib\u00e9ration 16-137<\/b><\/span><\/span><\/span><\/span><\/p>\n<p align=\"JUSTIFY\"><span style=\"color: #000000;\"><span style=\"font-family: Avenir Next Regular, serif;\"><span style=\"font-size: small;\">ALSH le Bourdis, espace Jeunesse, cr\u00e9ation de postes d\u2019animateurs non titulaires pour les mercredis et les vacances de l\u2019ann\u00e9e 2017. <\/span><\/span><\/span><\/p>\n<p align=\"JUSTIFY\"><span style=\"color: #000000;\"><span style=\"font-family: Avenir Next Regular, serif;\"><span style=\"font-size: small;\">D&amp;S<\/span><\/span><\/span><span style=\"color: #000000;\"><span style=\"font-family: Avenir Next Regular, serif;\"><span style=\"font-size: small;\"> : comment sont recrut\u00e9s les jeunes, sur quelles bases ? Y a-t-il un entretien pr\u00e9alable\u00a0? Qui le conduit\u00a0? Reprenez-vous les m\u00eames d\u2019une ann\u00e9e \u00e0 l\u2019autre ?<\/span><\/span><\/span><\/p>\n<p align=\"JUSTIFY\"><span style=\"color: #000000;\"><span style=\"font-family: Avenir Next Regular, serif;\"><span style=\"font-size: small;\">St\u00e9phan MATHIEU : Quand on peut les reprendre on le fait : on les connait bien. Pour les autres effectifs, les candidats sont auditionn\u00e9s de fa\u00e7on classique, mais ce ne sont pas des postes tr\u00e8s importants, ce n\u2019est pas tr\u00e8s grave !<\/span><\/span><\/span><\/p>\n<p align=\"JUSTIFY\"><span style=\"color: #0000ff;\"><span style=\"font-family: Avenir Next Regular, serif;\"><span style=\"font-size: small;\">POUR (malgr\u00e9 la derni\u00e8re phrase de St\u00e9phan MATHIEU\u00a0! SI, il est grave de confier un encadrement de jeunes ou d\u2019enfants sans pr\u00e9cautions pr\u00e9alables, en faisant fi de la responsabilit\u00e9 engag\u00e9e\u2026les parents appr\u00e9cieront\u2026)<\/span><\/span><\/span><\/p>\n<p align=\"JUSTIFY\"><span style=\"color: #000000;\"><span style=\"font-family: Avenir Next Demi Bold, serif;\"><span style=\"font-size: small;\"><span style=\"text-decoration: underline;\"><b>D\u00e9lib\u00e9ration 16-140 <\/b><\/span><\/span><\/span><\/span><\/p>\n<p align=\"JUSTIFY\"><span style=\"color: #000000;\"><span style=\"font-family: Avenir Next Regular, serif;\"><span style=\"font-size: small;\">Modification du r\u00e8glement int\u00e9rieur des services p\u00e9riscolaires (les inscriptions \u00e0 la cantine devront se faire au plus tard la veille pour le lendemain alors que jusqu\u2019\u00e0 pr\u00e9sent la possibilit\u00e9 \u00e9tait donn\u00e9e d\u2019inscrire les petits jusqu\u2019\u00e0 9H le jour m\u00eame)<\/span><\/span><\/span><\/p>\n<p align=\"JUSTIFY\"><span style=\"color: #000000;\"><span style=\"font-family: Avenir Next Regular, serif;\"><span style=\"font-size: small;\">D&amp;S<\/span><\/span><\/span><span style=\"color: #000000;\"><span style=\"font-family: Avenir Next Regular, serif;\"><span style=\"font-size: small;\"> : nous comprenons que l\u2019organisation sera meilleure mais nous ne voyons pas dans quelle mesure cela va permettre une meilleure pr\u00e9paration des repas. <\/span><\/span><\/span><\/p>\n<p align=\"JUSTIFY\"><span style=\"color: #000000;\"><span style=\"font-family: Avenir Next Regular, serif;\"><span style=\"font-size: small;\">Yves BAYON DE NOYER : jusqu\u2019\u00e0 aujourd\u2019hui il \u00e9tait possible de s\u2019inscrire le matin et certains ont pris l\u2019habitude d\u2019inscrire jusqu\u2019\u00e0 10H00. Aussi 15 \u00e0 20 repas suppl\u00e9mentaires \u00e9taient pr\u00e9par\u00e9s par le cuisinier pour anticiper ces flux de derni\u00e8re minute (les repas sont pr\u00e9par\u00e9s \u00e0 partir de 5H00 du matin). <\/span><\/span><\/span><\/p>\n<p align=\"JUSTIFY\"><span style=\"color: #000000;\"><span style=\"font-family: Avenir Next Regular, serif;\"><span style=\"font-size: small;\">D&amp;S<\/span><\/span><\/span><span style=\"color: #000000;\"><span style=\"font-family: Avenir Next Regular, serif;\"><span style=\"font-size: small;\"> : pourquoi ne pas faire de la p\u00e9dagogie aupr\u00e8s des personnes concern\u00e9es ? <\/span><\/span><\/span><\/p>\n<p align=\"JUSTIFY\"><span style=\"color: #000000;\"><span style=\"font-family: Avenir Next Regular, serif;\"><span style=\"font-size: small;\">YBDN : on a essay\u00e9 mais c\u2019est une usine \u00e0 gaz. La nature humaine est ainsi faite. <\/span><\/span><\/span><\/p>\n<p align=\"JUSTIFY\"><span style=\"color: #000000;\"><span style=\"font-family: Avenir Next Regular, serif;\"><span style=\"font-size: small;\">D&amp;S<\/span><\/span><\/span><span style=\"color: #000000;\"><span style=\"font-family: Avenir Next Regular, serif;\"><span style=\"font-size: small;\"> : c\u2019est comme d\u2019habitude, tout le monde subit alors qu\u2019une action cibl\u00e9e permettrait de maintenir la possibilit\u00e9 pour tous d\u2019une inscription \u00e0 9H00. De plus, les \u00ab\u00a0resquilleurs\u00a0\u00bb ne changeront pas : c\u2019est maintenant qu\u2019il aurait fallu ne pas les accepter, sans pour autant changer le r\u00e8glement.<\/span><\/span><\/span><\/p>\n<p align=\"JUSTIFY\"><span style=\"color: #000000;\"><span style=\"font-family: Avenir Next Regular, serif;\"><span style=\"font-size: small;\">Marie-H\u00e9l\u00e8ne BIHEL : cette mesure ne p\u00e9nalisera pas les gens qui respectaient l\u2019inscription la veille. <\/span><\/span><\/span><\/p>\n<p align=\"JUSTIFY\"><span style=\"color: #0000ff;\"><span style=\"font-family: Avenir Next Regular, serif;\"><span style=\"font-size: small;\">Abstention du groupe<\/span><\/span><\/span><\/p>\n<p align=\"JUSTIFY\"><span style=\"color: #000000;\"><span style=\"font-family: Avenir Next Demi Bold, serif;\"><span style=\"font-size: small;\"><span style=\"text-decoration: underline;\"><b>Questions au CM (envoy\u00e9es \u00e0 Mr le Maire au pr\u00e9alable)<\/b><\/span><\/span><\/span><\/span><\/p>\n<p align=\"JUSTIFY\"><span style=\"color: #000000;\"><span style=\"font-family: Avenir Next Demi Bold, serif;\"><span style=\"font-size: small;\"><b>Question 1<\/b><\/span><\/span><\/span><span style=\"color: #000000;\"><span style=\"font-family: Avenir Next Regular, serif;\"><span style=\"font-size: small;\">\u00a0: <\/span><\/span><\/span><\/p>\n<p align=\"JUSTIFY\"><span style=\"color: #000000;\"><span style=\"font-family: Avenir Next Regular, serif;\"><span style=\"font-size: small;\">Le 30 Novembre dernier, l\u2019Assembl\u00e9e Nationale a approuv\u00e9 \u00e0 une tr\u00e8s large majorit\u00e9 une proposition de Loi (<\/span><\/span><\/span><span style=\"color: #000000;\"><span style=\"font-family: Avenir Next Regular, serif;\"><span style=\"font-size: small;\"><span style=\"text-decoration: underline;\">texte 846<\/span><\/span><\/span><\/span><span style=\"color: #000000;\"><span style=\"font-family: Avenir Next Regular, serif;\"><span style=\"font-size: small;\">) permettant aux municipalit\u00e9s \u00a0<\/span><\/span><\/span><span style=\"color: #000000;\"><span style=\"font-family: Avenir Next Demi Bold, serif;\"><span style=\"font-size: small;\"><b>\u00ab<\/b><\/span><\/span><\/span><span style=\"color: #000000;\"><span style=\"font-family: Avenir Next Regular, serif;\"><span style=\"font-size: small;\">\u00a0<\/span><\/span><\/span><span style=\"color: #000000;\"><span style=\"font-family: Avenir Next Italic, serif;\"><span style=\"font-size: small;\"><i>la mise \u00e0 disposition gratuite, pour les familles qui le demandent, d\u2019une salle communale adaptable afin de garantir l\u2019organisation de fun\u00e9railles r\u00e9publicaines leur permettant de se recueillir\u00a0<\/i><\/span><\/span><\/span><span style=\"color: #000000;\"><span style=\"font-family: Avenir Next Demi Bold Italic, serif;\"><span style=\"font-size: small;\"><i><b>\u00bb<\/b><\/i><\/span><\/span><\/span><span style=\"color: #000000;\"><span style=\"font-family: Avenir Next Italic, serif;\"><span style=\"font-size: small;\"><i>\u2026 <\/i><\/span><\/span><\/span><span style=\"color: #000000;\"><span style=\"font-family: Avenir Next Demi Bold Italic, serif;\"><span style=\"font-size: small;\"><i><b>\u00ab<\/b><\/i><\/span><\/span><\/span><span style=\"color: #000000;\"><span style=\"font-family: Avenir Next Italic, serif;\"><span style=\"font-size: small;\"><i>\u00a0Un officier de l\u2019\u00e9tat civil peut proc\u00e9der \u00e0 cette c\u00e9r\u00e9monie civile\u00a0<\/i><\/span><\/span><\/span><span style=\"color: #000000;\"><span style=\"font-family: Avenir Next Demi Bold Italic, serif;\"><span style=\"font-size: small;\"><i><b>\u00bb<\/b><\/i><\/span><\/span><\/span><span style=\"color: #000000;\"><span style=\"font-family: Avenir Next Italic, serif;\"><span style=\"font-size: small;\"><i>. <\/i><\/span><\/span><\/span><\/p>\n<p align=\"JUSTIFY\"><span style=\"color: #000000;\"><span style=\"font-family: Avenir Next Regular, serif;\"><span style=\"font-size: small;\">Sachant que les fun\u00e9railles civiles \u00e9taient d\u00e9j\u00e0 reconnues au XIX\u00e8me si\u00e8cle (Loi du 15 Novembre 1887), comptez-vous donner une application effective \u00e0 cette directive la\u00efque renouvel\u00e9e, m\u00eame si elle est susceptible de concurrencer les entreprises fun\u00e9raires\u00a0? <\/span><\/span><\/span><\/p>\n<p align=\"JUSTIFY\"><span style=\"color: #000000;\"><span style=\"font-family: Avenir Next Regular, serif;\"><span style=\"font-size: small;\">Yves BAYON DE NOYER : Je vous rappelle que la proposition a \u00e9t\u00e9 rejet\u00e9e par le s\u00e9nat. (<\/span><\/span><\/span><span style=\"color: #0000ff;\"><span style=\"font-family: Avenir Next Regular, serif;\"><span style=\"font-size: small;\"><i>Il oublie que l\u2019Assembl\u00e9e Nationale a toujours le dernier mot<\/i><\/span><\/span><\/span> <span style=\"color: #0000ff;\"><span style=\"font-family: Avenir Next Regular, serif;\"><span style=\"font-size: small;\"><i>en<\/i><\/span><\/span><\/span><i> <\/i><span style=\"color: #0000ff;\"><span style=\"font-family: Avenir Next Regular, serif;\"><span style=\"font-size: small;\"><i>2<\/i><\/span><\/span><\/span><span style=\"color: #0000ff;\"><sup><span style=\"font-family: Avenir Next Regular, serif;\"><span style=\"font-size: small;\"><i>i\u00e8me<\/i><\/span><\/span><\/sup><\/span><span style=\"color: #0000ff;\"><span style=\"font-family: Avenir Next Regular, serif;\"><span style=\"font-size: small;\"><i> lecture\u00a0!<\/i><\/span><\/span><\/span><span style=\"color: #000000;\"><span style=\"font-family: Avenir Next Regular, serif;\"><span style=\"font-size: small;\"><i>)<\/i><\/span><\/span><\/span><span style=\"color: #000000;\"><span style=\"font-family: Avenir Next Regular, serif;\"><span style=\"font-size: small;\"> Mais nous y avons r\u00e9fl\u00e9chi et il nous appara\u00eet qu&rsquo;il n&rsquo;y a pas urgence. Il faut du personnel pour accueilli<\/span><\/span><\/span><span style=\"color: #000000;\"><span style=\"font-family: Avenir Next Regular, serif;\"><span style=\"font-size: small;\">r<\/span><\/span><\/span><span style=\"color: #000000;\"><span style=\"font-family: Avenir Next Regular, serif;\"><span style=\"font-size: small;\"> les familles et \u00e7a co\u00fbte cher. D\u2019autre part la ville a sign\u00e9 une convention avec le service fun\u00e9raire de l\u2019Isle pour l\u2019accueil des c\u00e9r\u00e9monies civiles. Aussi nous n\u2019avons pas programm\u00e9 de mettre en \u0153uvre le service. <\/span><\/span><\/span><\/p>\n<p align=\"JUSTIFY\"><span style=\"color: #000000;\"><span style=\"font-family: Avenir Next Demi Bold, serif;\"><span style=\"font-size: small;\"><b>Question 2<\/b><\/span><\/span><\/span><span style=\"color: #000000;\"><span style=\"font-family: Avenir Next Regular, serif;\"><span style=\"font-size: small;\">\u00a0:<\/span><\/span><\/span><\/p>\n<p align=\"JUSTIFY\"><span style=\"color: #000000;\"><span style=\"font-family: Avenir Next Regular, serif;\"><span style=\"font-size: small;\">Alors que vient d\u2019\u00eatre instaur\u00e9 un 3<\/span><\/span><\/span><span style=\"color: #000000;\"><sup><span style=\"font-family: Avenir Next Regular, serif;\"><span style=\"font-size: xx-small;\">i\u00e8me<\/span><\/span><\/sup><\/span><span style=\"color: #000000;\"><span style=\"font-family: Avenir Next Regular, serif;\"><span style=\"font-size: small;\"> degr\u00e9 du Plan Vigipirate (\u00ab\u00a0Urgence Attentat\u00a0\u00bb), le minist\u00e8re de l\u2019Int\u00e9rieur a autoris\u00e9, par le d\u00e9cret 2016-1616 du 28 Novembre 2016, le port d\u2019un pistolet 9mm semi-automatique pour l\u2019\u00e9quipement des polices municipales. <\/span><\/span><\/span><\/p>\n<p align=\"JUSTIFY\"><a name=\"_GoBack\"><\/a> <span style=\"color: #000000;\"><span style=\"font-family: Avenir Next Regular, serif;\"><span style=\"font-size: small;\">Le code des Communes dans son Art. L412-51 pr\u00e9cisant bien que c\u2019est au Maire, <\/span><\/span><\/span><span style=\"color: #000000;\"><span style=\"font-family: Avenir Next Regular, serif;\"><span style=\"font-size: small;\"><span style=\"text-decoration: underline;\">et \u00e0 lui seul<\/span><\/span><\/span><\/span><span style=\"color: #000000;\"><span style=\"font-family: Avenir Next Regular, serif;\"><span style=\"font-size: small;\">, de choisir l\u2019armement de ses agents, quelle d\u00e9cision\u00a0envisagez-vous de prendre ? <\/span><\/span><\/span><\/p>\n<p align=\"JUSTIFY\"><span style=\"color: #000000;\"><span style=\"font-family: Avenir Next Regular, serif;\"><span style=\"font-size: small;\">Y. BAYON de NOYER : la Police Municipale est arm\u00e9e : 38 sp\u00e9cial avec 6 balles et une r\u00e9serve de 6 balles suppl\u00e9mentaires. La puissance de feu est l\u00e9g\u00e8rement sup\u00e9rieure avec un 9mm.<\/span><\/span><\/span><\/p>\n<p align=\"JUSTIFY\"><span style=\"color: #000000;\"><span style=\"font-family: Avenir Next Regular, serif;\"><span style=\"font-size: small;\">Le changement d&rsquo;armes couterait 4500\u20ac plus le reste, holter, formation.\u2026 Soit 8000\u20ac. Ca se fera dans le temps mais on a pr\u00e9f\u00e9r\u00e9 les cam\u00e9ras sachant que la PM n&rsquo;a jamais eu besoin de tirer. <\/span><\/span><\/span><\/p>\n","protected":false},"excerpt":{"rendered":"<p>Compte-rendu de la r\u00e9union du Conseil Municipal du 13\/12\/2016\u00a0\u00a0\u00a0 (En bleu, les commentaires des \u00e9lus de la liste \u00a0\u00ab\u00a0Dynamique et Solidaire\u00a0\u00bb) D\u00e9cisions du Maire 2016-120, March\u00e9 pour l&rsquo;\u00e9tablissement d&rsquo;un sch\u00e9ma directeur d&rsquo;assainissement des eaux pluviales des zones urbanis\u00e9es et d&rsquo;urbanisation future de la commune D&amp;S : Le march\u00e9 pr\u00e9voit une tranche ferme pour un montant [&hellip;]<\/p>\n","protected":false},"author":1,"featured_media":0,"comment_status":"closed","ping_status":"open","sticky":false,"template":"","format":"standard","meta":{"footnotes":""},"categories":[12],"tags":[],"_links":{"self":[{"href":"http:\/\/www.jacquesolivier.fr\/index.php?rest_route=\/wp\/v2\/posts\/128"}],"collection":[{"href":"http:\/\/www.jacquesolivier.fr\/index.php?rest_route=\/wp\/v2\/posts"}],"about":[{"href":"http:\/\/www.jacquesolivier.fr\/index.php?rest_route=\/wp\/v2\/types\/post"}],"author":[{"embeddable":true,"href":"http:\/\/www.jacquesolivier.fr\/index.php?rest_route=\/wp\/v2\/users\/1"}],"replies":[{"embeddable":true,"href":"http:\/\/www.jacquesolivier.fr\/index.php?rest_route=%2Fwp%2Fv2%2Fcomments&post=128"}],"version-history":[{"count":3,"href":"http:\/\/www.jacquesolivier.fr\/index.php?rest_route=\/wp\/v2\/posts\/128\/revisions"}],"predecessor-version":[{"id":131,"href":"http:\/\/www.jacquesolivier.fr\/index.php?rest_route=\/wp\/v2\/posts\/128\/revisions\/131"}],"wp:attachment":[{"href":"http:\/\/www.jacquesolivier.fr\/index.php?rest_route=%2Fwp%2Fv2%2Fmedia&parent=128"}],"wp:term":[{"taxonomy":"category","embeddable":true,"href":"http:\/\/www.jacquesolivier.fr\/index.php?rest_route=%2Fwp%2Fv2%2Fcategories&post=128"},{"taxonomy":"post_tag","embeddable":true,"href":"http:\/\/www.jacquesolivier.fr\/index.php?rest_route=%2Fwp%2Fv2%2Ftags&post=128"}],"curies":[{"name":"wp","href":"https:\/\/api.w.org\/{rel}","templated":true}]}}