{"id":133,"date":"2017-06-29T22:00:23","date_gmt":"2017-06-29T21:00:23","guid":{"rendered":"http:\/\/www.jacquesolivier.fr\/?p=133"},"modified":"2017-06-29T22:01:42","modified_gmt":"2017-06-29T21:01:42","slug":"incendie-de-voitures-sur-la-place-du-chasselas","status":"publish","type":"post","link":"http:\/\/www.jacquesolivier.fr\/?p=133","title":{"rendered":"Incendie de voitures sur la place du Chasselas"},"content":{"rendered":"<p><strong>On est rassur\u00e9\u00a0: les cam\u00e9ras ont tout film\u00e9\u00a0!<\/strong><\/p>\n<p>&nbsp;<\/p>\n<p>&nbsp;<\/p>\n<p>Ce matin, au march\u00e9, les discussions tournaient autour de ces voitures incendi\u00e9es dans la nuit de lundi \u00e0 mardi.<\/p>\n<p>Au printemps 2010 plusieurs voitures ont brul\u00e9 dans le centre ville du Thor. L\u2019incendiaire a \u00e9t\u00e9 arr\u00eat\u00e9 en quelques jours.<\/p>\n<p>L\u2019opposition de l\u2019\u00e9poque s\u2019\u00e9tait d\u00e9cha\u00een\u00e9e, proclamant que la vid\u00e9o surveillance \u00e9tait la solution supr\u00eame\u00a0pour que\u00a0cela ne se\u00a0reproduise pas.<\/p>\n<p>Dans la nuit du lundi 26 au mardi 27 juin 2017, trois voitures ont brul\u00e9 place du Chasselas, en plein centre du Thor. Comme l\u2019a dit le maire en Conseil Municipal : \u00ab\u00a0heureusement il y avait les cam\u00e9ras de s\u00e9curit\u00e9 qui ont tout film\u00e9\u00a0!\u00a0\u00bb<\/p>\n<p>Est-ce que \u00e7a rassure les propri\u00e9taires des v\u00e9hicules incendi\u00e9s ?<\/p>\n<p>Il semble en effet que ces tr\u00e8s ch\u00e8res cam\u00e9ras n&rsquo;\u00e9vitent aucunement les m\u00e9faits contrairement \u00e0 ce que la majorit\u00e9 municipale fait croire aux thorois.<\/p>\n<p>Esp\u00e9rons que le ou les incendiaires soient arr\u00eat\u00e9s aussi vite qu\u2019en 2010.<\/p>\n","protected":false},"excerpt":{"rendered":"<p>On est rassur\u00e9\u00a0: les cam\u00e9ras ont tout film\u00e9\u00a0! &nbsp; &nbsp; Ce matin, au march\u00e9, les discussions tournaient autour de ces voitures incendi\u00e9es dans la nuit de lundi \u00e0 mardi. Au printemps 2010 plusieurs voitures ont brul\u00e9 dans le centre ville du Thor. L\u2019incendiaire a \u00e9t\u00e9 arr\u00eat\u00e9 en quelques jours. L\u2019opposition de l\u2019\u00e9poque s\u2019\u00e9tait d\u00e9cha\u00een\u00e9e, proclamant [&hellip;]<\/p>\n","protected":false},"author":1,"featured_media":0,"comment_status":"closed","ping_status":"open","sticky":false,"template":"","format":"standard","meta":{"footnotes":""},"categories":[12,1],"tags":[],"_links":{"self":[{"href":"http:\/\/www.jacquesolivier.fr\/index.php?rest_route=\/wp\/v2\/posts\/133"}],"collection":[{"href":"http:\/\/www.jacquesolivier.fr\/index.php?rest_route=\/wp\/v2\/posts"}],"about":[{"href":"http:\/\/www.jacquesolivier.fr\/index.php?rest_route=\/wp\/v2\/types\/post"}],"author":[{"embeddable":true,"href":"http:\/\/www.jacquesolivier.fr\/index.php?rest_route=\/wp\/v2\/users\/1"}],"replies":[{"embeddable":true,"href":"http:\/\/www.jacquesolivier.fr\/index.php?rest_route=%2Fwp%2Fv2%2Fcomments&post=133"}],"version-history":[{"count":3,"href":"http:\/\/www.jacquesolivier.fr\/index.php?rest_route=\/wp\/v2\/posts\/133\/revisions"}],"predecessor-version":[{"id":136,"href":"http:\/\/www.jacquesolivier.fr\/index.php?rest_route=\/wp\/v2\/posts\/133\/revisions\/136"}],"wp:attachment":[{"href":"http:\/\/www.jacquesolivier.fr\/index.php?rest_route=%2Fwp%2Fv2%2Fmedia&parent=133"}],"wp:term":[{"taxonomy":"category","embeddable":true,"href":"http:\/\/www.jacquesolivier.fr\/index.php?rest_route=%2Fwp%2Fv2%2Fcategories&post=133"},{"taxonomy":"post_tag","embeddable":true,"href":"http:\/\/www.jacquesolivier.fr\/index.php?rest_route=%2Fwp%2Fv2%2Ftags&post=133"}],"curies":[{"name":"wp","href":"https:\/\/api.w.org\/{rel}","templated":true}]}}