{"id":138,"date":"2017-08-31T21:16:51","date_gmt":"2017-08-31T20:16:51","guid":{"rendered":"http:\/\/www.jacquesolivier.fr\/?p=138"},"modified":"2017-08-31T21:16:51","modified_gmt":"2017-08-31T20:16:51","slug":"le-sens-unique-de-la-rue-de-la-republique-est-contraire-au-bon-sens","status":"publish","type":"post","link":"http:\/\/www.jacquesolivier.fr\/?p=138","title":{"rendered":"Le sens unique de la rue de la R\u00e9publique est contraire au bon sens."},"content":{"rendered":"<p>M le maire a profit\u00e9 de la r\u00e9fection du beffroi pour mettre la rue de la R\u00e9publique en sens unique Nord\/Sud, \u00e0 titre provisoire dit-il.<\/p>\n<p>Cela a des cons\u00e9quences importantes sur l\u2019activit\u00e9 des commerces et sur votre vie quotidienne.<\/p>\n<p>Rappelons que lors de la pr\u00e9c\u00e9dente mandature, plusieurs \u00e9tudes avaient \u00e9t\u00e9 faites et qu\u2019un groupe constitu\u00e9 par des riverains, des commer\u00e7ants et des organismes ext\u00e9rieurs s\u2019\u00e9tait r\u00e9uni plusieurs fois.\u00a0 Il s\u2019agissait de d\u00e9cider les diff\u00e9rents projets \u00e0 faire financer par subvention. Pour cela plusieurs orientations avaient \u00e9t\u00e9 prises dont la plus voyante est la r\u00e9fection du quartier entre Saint Roch et le pont du Douzamont.<\/p>\n<p>La suite du programme (malheureusement pas encore faite) devait \u00eatre la r\u00e9fection de la rue de la R\u00e9publique en zone de rencontre <strong>\u00e0 double sens<\/strong> \u00e0 partir de trois principes\u00a0: la priorit\u00e9 est donn\u00e9e aux pi\u00e9tons, la vitesse de tous les v\u00e9hicules est limit\u00e9e \u00e0 20 km\/h et le r\u00e9gime de priorit\u00e9 par d\u00e9faut aux intersections.<\/p>\n<p>Les petites rues du centre-ville conservaient leur calme et les commerces vivaient.<\/p>\n<p>Par ailleurs le cisaillement de la route sur le pont d\u2019Intermarch\u00e9 est extr\u00eamement dangereux et rajouter du trafic n\u2019est pas une bonne id\u00e9e dans l\u2019\u00e9tat actuel.<\/p>\n<p>Voil\u00e0 pourquoi il serait judicieux que M le Maire, aid\u00e9s par ses adjoints, revienne sur sa d\u00e9cision d\u2019urgence.<\/p>\n<p>Pensons que la r\u00e9fection pr\u00e9vue de la rue de la R\u00e9publique sera faite en fonction de l\u2019option choisie (double sens ou sens unique) et que les travaux seront effectu\u00e9s pour de nombreuses ann\u00e9es sans possibilit\u00e9 d\u2019y revenir sauf \u00e0 remettre la main au portefeuille.<\/p>\n","protected":false},"excerpt":{"rendered":"<p>M le maire a profit\u00e9 de la r\u00e9fection du beffroi pour mettre la rue de la R\u00e9publique en sens unique Nord\/Sud, \u00e0 titre provisoire dit-il. Cela a des cons\u00e9quences importantes sur l\u2019activit\u00e9 des commerces et sur votre vie quotidienne. Rappelons que lors de la pr\u00e9c\u00e9dente mandature, plusieurs \u00e9tudes avaient \u00e9t\u00e9 faites et qu\u2019un groupe constitu\u00e9 [&hellip;]<\/p>\n","protected":false},"author":1,"featured_media":0,"comment_status":"closed","ping_status":"open","sticky":false,"template":"","format":"standard","meta":{"footnotes":""},"categories":[12],"tags":[],"_links":{"self":[{"href":"http:\/\/www.jacquesolivier.fr\/index.php?rest_route=\/wp\/v2\/posts\/138"}],"collection":[{"href":"http:\/\/www.jacquesolivier.fr\/index.php?rest_route=\/wp\/v2\/posts"}],"about":[{"href":"http:\/\/www.jacquesolivier.fr\/index.php?rest_route=\/wp\/v2\/types\/post"}],"author":[{"embeddable":true,"href":"http:\/\/www.jacquesolivier.fr\/index.php?rest_route=\/wp\/v2\/users\/1"}],"replies":[{"embeddable":true,"href":"http:\/\/www.jacquesolivier.fr\/index.php?rest_route=%2Fwp%2Fv2%2Fcomments&post=138"}],"version-history":[{"count":2,"href":"http:\/\/www.jacquesolivier.fr\/index.php?rest_route=\/wp\/v2\/posts\/138\/revisions"}],"predecessor-version":[{"id":140,"href":"http:\/\/www.jacquesolivier.fr\/index.php?rest_route=\/wp\/v2\/posts\/138\/revisions\/140"}],"wp:attachment":[{"href":"http:\/\/www.jacquesolivier.fr\/index.php?rest_route=%2Fwp%2Fv2%2Fmedia&parent=138"}],"wp:term":[{"taxonomy":"category","embeddable":true,"href":"http:\/\/www.jacquesolivier.fr\/index.php?rest_route=%2Fwp%2Fv2%2Fcategories&post=138"},{"taxonomy":"post_tag","embeddable":true,"href":"http:\/\/www.jacquesolivier.fr\/index.php?rest_route=%2Fwp%2Fv2%2Ftags&post=138"}],"curies":[{"name":"wp","href":"https:\/\/api.w.org\/{rel}","templated":true}]}}