{"id":142,"date":"2017-10-05T16:11:24","date_gmt":"2017-10-05T15:11:24","guid":{"rendered":"http:\/\/www.jacquesolivier.fr\/?p=142"},"modified":"2017-10-05T16:11:24","modified_gmt":"2017-10-05T15:11:24","slug":"nucleaire-la-fermeture-des-reacteurs-est-ineluctable","status":"publish","type":"post","link":"http:\/\/www.jacquesolivier.fr\/?p=142","title":{"rendered":"Nucl\u00e9aire : la fermeture des r\u00e9acteurs est in\u00e9luctable"},"content":{"rendered":"<h1>Nicolas<strong> Hulot s\u2019y est engag\u00e9 : jusqu\u2019\u00e0 17 r\u00e9acteurs nucl\u00e9aires doivent fermer pour appliquer la loi de transition \u00e9nerg\u00e9tique. En demandant la fermeture temporaire de Tricastin, l\u2019Autorit\u00e9 de S\u00e9curit\u00e9 Nucl\u00e9aire rappelle l\u2019urgence \u00e0 agir avant qu\u2019il ne soit trop tard.<\/strong><\/h1>\n<p>Le 27 septembre 2017, l\u2019Autorit\u00e9 de S\u00fbret\u00e9 Nucl\u00e9aire (ASN) a impos\u00e9 \u00e0 EDF la mise \u00e0 l\u2019arr\u00eat provisoire des 4 r\u00e9acteurs du Tricastin afin que soient renforc\u00e9es les digues du canal Donz\u00e8re-Mondragon qui ne sont pas suffisamment r\u00e9sistantes en cas de s\u00e9isme. En l\u2019\u00e9tat, un s\u00e9isme pourrait entra\u00eener la rupture de la digue et provoquer, comme \u00e0 Fukushima, la fusion du c\u0153ur de ses 4 r\u00e9acteurs.<\/p>\n<p>Or des incidents sismiques ont d\u00e9j\u00e0 \u00e9t\u00e9 constat\u00e9s sur ce site. Malgr\u00e9 les alertes r\u00e9p\u00e9t\u00e9es des \u00e9cologistes, il aura fallu attendre 10 ans pour qu\u2019EDF, sur pression de l\u2019ASN, entame un travail sur ses digues.<\/p>\n<p>Alors que selon les propres dire du patron d\u2019Areva \u00ab<em><span class=\"Apple-converted-space\">\u00a0<\/span>la rentabilit\u00e9 du nucl\u00e9aire est en pleine \u00e9rosion<\/em><span class=\"Apple-converted-space\">\u00a0<\/span>\u00bb; EDF persiste et signe en maintenant artificiellement la vie de cette centrale dangereuse, co\u00fbteuse et hors d\u2019\u00e2ge, le tout au frais du contribuable. Pour Sandra Regol<span class=\"Apple-converted-space\">\u00a0<\/span><em>\u201cAlors qu\u2019Emmanuel Macron s\u2019\u00e9tait engag\u00e9 \u00e0 une diminution de la part du nucl\u00e9aire dans le mix \u00e9nerg\u00e9tique, alors que Nicolas Hulot s\u2019est engag\u00e9 sur la fermeture de r\u00e9acteurs, rien ne semble vraiment changer au royaume de l\u2019atome.\u201d<\/em><\/p>\n<p>L\u2019ASN vient d\u2019annoncer que la centrale de Chinon sera sans doute la premi\u00e8re centrale fran\u00e7aise \u00e0 d\u00e9manteler un de ses r\u00e9acteurs. Celui des autres vieilles centrales, \u00e0 commencer par Fessenheim, est d\u00e9sormais in\u00e9luctable. D\u2019ailleurs, nombre La reconversion des sites se fera dans la dur\u00e9e et ne pourra se passer de l\u2019expertise et de la comp\u00e9tence des travailleurs du nucl\u00e9aire.<\/p>\n<p>Pour prot\u00e9ger l\u2019emploi des personnes qui d\u00e9pendent du nucl\u00e9aire et prot\u00e9ger les populations environnantes, les \u00e9cologistes proposent un contrat de Plan entre l\u2019Etat et les r\u00e9gions concern\u00e9es afin que les passoires nucl\u00e9aires de Tricastin ou de Fessenheim deviennent pilotes, en France et dans le monde, de la ma\u00eetrise des techniques de d\u00e9mant\u00e8lement et de reconversion. Un contrat de plan qui ne saurait exister sans \u00eatre assorti d\u2019un volet social \u00e0 la hauteur des enjeux, qui ouvre la discussion avec les travailleurs du nucl\u00e9aire en leur proposant notamment la reconversion dans le secteur des \u00e9nergies renouvelables.<\/p>\n<p><em>\u201cLa d\u00e9nucl\u00e9arisation et la restructuration \u00e9conomique de ces r\u00e9gions dont l\u2019\u00e9conomie est devenue, parfois \u00e0 leur corps d\u00e9fendant, d\u00e9pendante du nucl\u00e9aire est plus que jamais un enjeu europ\u00e9en majeur. La transition est une n\u00e9cessit\u00e9 pour l\u2019ind\u00e9pendance \u00e9nerg\u00e9tique et \u00e9conomique de la France.\u201d<\/em>rappelle Julien Bayou. Elle permettrait en outre de pacifier les relations internationales, souvent soumises aux besoins en mati\u00e8res premi\u00e8res qui n\u2019existent pas sur notre territoire.<strong><span class=\"Apple-converted-space\">\u00a0<\/span>La transition \u00e9nerg\u00e9tique est une chance pour la France, pour l\u2019emploi et pour une \u00e9conomie plus solidaire et \u00e9cologique : saisissons-la avant que le pire n\u2019advienne.<\/strong><\/p>\n","protected":false},"excerpt":{"rendered":"<p>Nicolas Hulot s\u2019y est engag\u00e9 : jusqu\u2019\u00e0 17 r\u00e9acteurs nucl\u00e9aires doivent fermer pour appliquer la loi de transition \u00e9nerg\u00e9tique. En demandant la fermeture temporaire de Tricastin, l\u2019Autorit\u00e9 de S\u00e9curit\u00e9 Nucl\u00e9aire rappelle l\u2019urgence \u00e0 agir avant qu\u2019il ne soit trop tard. Le 27 septembre 2017, l\u2019Autorit\u00e9 de S\u00fbret\u00e9 Nucl\u00e9aire (ASN) a impos\u00e9 \u00e0 EDF la mise [&hellip;]<\/p>\n","protected":false},"author":1,"featured_media":0,"comment_status":"closed","ping_status":"open","sticky":false,"template":"","format":"standard","meta":{"footnotes":""},"categories":[1],"tags":[],"_links":{"self":[{"href":"http:\/\/www.jacquesolivier.fr\/index.php?rest_route=\/wp\/v2\/posts\/142"}],"collection":[{"href":"http:\/\/www.jacquesolivier.fr\/index.php?rest_route=\/wp\/v2\/posts"}],"about":[{"href":"http:\/\/www.jacquesolivier.fr\/index.php?rest_route=\/wp\/v2\/types\/post"}],"author":[{"embeddable":true,"href":"http:\/\/www.jacquesolivier.fr\/index.php?rest_route=\/wp\/v2\/users\/1"}],"replies":[{"embeddable":true,"href":"http:\/\/www.jacquesolivier.fr\/index.php?rest_route=%2Fwp%2Fv2%2Fcomments&post=142"}],"version-history":[{"count":1,"href":"http:\/\/www.jacquesolivier.fr\/index.php?rest_route=\/wp\/v2\/posts\/142\/revisions"}],"predecessor-version":[{"id":143,"href":"http:\/\/www.jacquesolivier.fr\/index.php?rest_route=\/wp\/v2\/posts\/142\/revisions\/143"}],"wp:attachment":[{"href":"http:\/\/www.jacquesolivier.fr\/index.php?rest_route=%2Fwp%2Fv2%2Fmedia&parent=142"}],"wp:term":[{"taxonomy":"category","embeddable":true,"href":"http:\/\/www.jacquesolivier.fr\/index.php?rest_route=%2Fwp%2Fv2%2Fcategories&post=142"},{"taxonomy":"post_tag","embeddable":true,"href":"http:\/\/www.jacquesolivier.fr\/index.php?rest_route=%2Fwp%2Fv2%2Ftags&post=142"}],"curies":[{"name":"wp","href":"https:\/\/api.w.org\/{rel}","templated":true}]}}