{"id":148,"date":"2018-02-28T15:01:59","date_gmt":"2018-02-28T14:01:59","guid":{"rendered":"http:\/\/www.jacquesolivier.fr\/?p=148"},"modified":"2018-02-28T15:01:59","modified_gmt":"2018-02-28T14:01:59","slug":"face-aux-compteurs-linky-resistance","status":"publish","type":"post","link":"http:\/\/www.jacquesolivier.fr\/?p=148","title":{"rendered":"Face aux compteurs Linky, R\u00e9sistance !"},"content":{"rendered":"<p>En d\u00e9cembre M. le Maire se pronon\u00e7ait en faveur des compteurs LINKY au Thor invoquant le principe de modernit\u00e9. Mais peut-on parler de modernit\u00e9 quand l\u2019outil n\u2019est ni s\u00e9curis\u00e9, ni efficient en mati\u00e8re d\u2019\u00e9conomie d\u2019\u00e9nergie\u00a0? Les dysfonctionnements sont d\u00e9sormais publiquement identifi\u00e9s\u00a0(risques d\u2019incendie, nos appareils \u00e9lectrom\u00e9nagers ne sont pas compatibles avec LINKY\u2026), les effets d\u00e9l\u00e9t\u00e8res sur la sant\u00e9 (rayonnements \u00e9lectro magn\u00e9tiques) ou sur la vie priv\u00e9e (transmission de donn\u00e9es sur les usages des m\u00e9nages), ont \u00e9t\u00e9 d\u00e9nonc\u00e9s, <strong>pour une<\/strong> <strong>efficacit\u00e9 sur les \u00e9conomies d\u2019\u00e9nergie peu probante \u00e0 ce jour<\/strong>. C\u2019est dans ce contexte que la Cours des Comptes a d\u00e9nonc\u00e9 en f\u00e9vrier dernier la r\u00e9mun\u00e9ration de ENEDIS pour l\u2019installation de ces compteurs. Et c\u2019est nous, usagers qui devrions payer pour un \u00e9quipement perfectible\u00a0ou m\u00eame d\u00e9j\u00e0 obsol\u00e8te\u00a0? Des solutions alternatives existent, de nombreux exemples abondent dans ce sens. En cons\u00e9quence nous refusons que les compteurs LINKY soient d\u00e9ploy\u00e9s sur notre territoire. Une consultation publique pourrait d\u2019ailleurs \u00eatre envisag\u00e9e \u00e0 ce sujet. La modernit\u00e9 c\u2019est aussi de faire vivre la d\u00e9mocratie participative\u00a0: soyons <strong>acteur de notre d\u00e9veloppement <\/strong>en refusant d\u2019\u00eatre les dindons de la farce. A titre individuel, chacun peut s\u2019opposer \u00e0 l\u2019installation d\u2019un compteur LINKY. Des r\u00e9unions publiques d\u2019informations sont organis\u00e9es sur le Vaucluse et il existe des comit\u00e9s de citoyens que vous pouvez rejoindre (liste sur notre site http:\/\/www.lethor-a-venir.fr).<\/p>\n<p>Groupe Dynamique &amp; Solidaire<\/p>\n<p>&nbsp;<\/p>\n<p>&nbsp;<\/p>\n","protected":false},"excerpt":{"rendered":"<p>En d\u00e9cembre M. le Maire se pronon\u00e7ait en faveur des compteurs LINKY au Thor invoquant le principe de modernit\u00e9. Mais peut-on parler de modernit\u00e9 quand l\u2019outil n\u2019est ni s\u00e9curis\u00e9, ni efficient en mati\u00e8re d\u2019\u00e9conomie d\u2019\u00e9nergie\u00a0? Les dysfonctionnements sont d\u00e9sormais publiquement identifi\u00e9s\u00a0(risques d\u2019incendie, nos appareils \u00e9lectrom\u00e9nagers ne sont pas compatibles avec LINKY\u2026), les effets d\u00e9l\u00e9t\u00e8res sur [&hellip;]<\/p>\n","protected":false},"author":1,"featured_media":0,"comment_status":"closed","ping_status":"open","sticky":false,"template":"","format":"standard","meta":{"footnotes":""},"categories":[18],"tags":[],"_links":{"self":[{"href":"http:\/\/www.jacquesolivier.fr\/index.php?rest_route=\/wp\/v2\/posts\/148"}],"collection":[{"href":"http:\/\/www.jacquesolivier.fr\/index.php?rest_route=\/wp\/v2\/posts"}],"about":[{"href":"http:\/\/www.jacquesolivier.fr\/index.php?rest_route=\/wp\/v2\/types\/post"}],"author":[{"embeddable":true,"href":"http:\/\/www.jacquesolivier.fr\/index.php?rest_route=\/wp\/v2\/users\/1"}],"replies":[{"embeddable":true,"href":"http:\/\/www.jacquesolivier.fr\/index.php?rest_route=%2Fwp%2Fv2%2Fcomments&post=148"}],"version-history":[{"count":1,"href":"http:\/\/www.jacquesolivier.fr\/index.php?rest_route=\/wp\/v2\/posts\/148\/revisions"}],"predecessor-version":[{"id":149,"href":"http:\/\/www.jacquesolivier.fr\/index.php?rest_route=\/wp\/v2\/posts\/148\/revisions\/149"}],"wp:attachment":[{"href":"http:\/\/www.jacquesolivier.fr\/index.php?rest_route=%2Fwp%2Fv2%2Fmedia&parent=148"}],"wp:term":[{"taxonomy":"category","embeddable":true,"href":"http:\/\/www.jacquesolivier.fr\/index.php?rest_route=%2Fwp%2Fv2%2Fcategories&post=148"},{"taxonomy":"post_tag","embeddable":true,"href":"http:\/\/www.jacquesolivier.fr\/index.php?rest_route=%2Fwp%2Fv2%2Ftags&post=148"}],"curies":[{"name":"wp","href":"https:\/\/api.w.org\/{rel}","templated":true}]}}