{"id":165,"date":"2018-11-29T19:03:02","date_gmt":"2018-11-29T18:03:02","guid":{"rendered":"http:\/\/www.jacquesolivier.fr\/?p=165"},"modified":"2018-11-29T19:03:02","modified_gmt":"2018-11-29T18:03:02","slug":"vraie-information-et-fake-news","status":"publish","type":"post","link":"http:\/\/www.jacquesolivier.fr\/?p=165","title":{"rendered":"Vraie information et fake news"},"content":{"rendered":"<p><strong>Vraie information :<\/strong><\/p>\n<p>En 2014, je menai\u00a0la liste \u00ab\u00a0Dynamique et Solidaire\u00a0\u00bb\u00a0qui a \u00e9t\u00e9 battue par celle de M. Yves Bayon de Noyer.<\/p>\n<p>Or, voici que le 2 novembre, \u00a0M. Bayon de Noyer, maire du Thor a \u00e9t\u00e9\u00a0flash\u00e9 \u00e0 Pernes, par la gendarmerie de Carpentras, \u00e0 130 km\/h, sans permis de conduire depuis 9 ans apr\u00e8s l&rsquo; avoir d\u00e9clar\u00e9\u00a0perdu. (Presse)<\/p>\n<p>Cela veut dire que lorsqu\u2019il s\u2019est pr\u00e9sent\u00e9 en 2014, il roulait sans permis depuis 5 ans et avait commis une fausse d\u00e9claration \u00e0 la justice.<\/p>\n<p>Il est donc singulier d\u2019observer que la liste que j\u2019ai conduite en 2001 a \u00e9t\u00e9 battue suite \u00e0 une fraude \u00e9lectorale et en 2014 par une liste conduite par un d\u00e9linquant. Ce n\u2019est pas banal.<\/p>\n<p>Cela jette l\u2019opprobre sur notre ville. D\u2019autant que les adjoints de M Bayon de Noyer\u00a0n\u2019ont pas d\u00e9sir\u00e9 qu\u2019il d\u00e9missionne, s\u2019asseyant sur la morale, l\u2019\u00e9thique et l\u2019honneur ; tous les citoyens s&rsquo;en souviendront.<\/p>\n<p>On peut s&rsquo;interroger sur le degr\u00e9 de\u00a0confiance et de cr\u00e9dibilit\u00e9 que peut encore avoir M le maire du Thor, lui officier de police judiciaire\u00a0?<\/p>\n<p><strong>Fake news : <\/strong><\/p>\n<p>Cependant, sur un post sur Facebook, je suis pr\u00e9sent\u00e9 comme l&rsquo;actuel maire du Thor et confondu avec M Bayon de Noyer verbalis\u00e9 r\u00e9cemment pour des infractions graves au Code de la Route. D\u00e8s que j&rsquo;ai eu connaissance de cette fake news, j&rsquo;ai imm\u00e9diatement port\u00e9 plainte aupr\u00e8s de la gendarmerie de L&rsquo;Isle sur la Sorgue contre l&rsquo;inconnu qui a fabriqu\u00e9 et post\u00e9 cette information diffamatoire \u00e0 mon \u00e9gard.<\/p>\n","protected":false},"excerpt":{"rendered":"<p>Vraie information : En 2014, je menai\u00a0la liste \u00ab\u00a0Dynamique et Solidaire\u00a0\u00bb\u00a0qui a \u00e9t\u00e9 battue par celle de M. Yves Bayon de Noyer. Or, voici que le 2 novembre, \u00a0M. Bayon de Noyer, maire du Thor a \u00e9t\u00e9\u00a0flash\u00e9 \u00e0 Pernes, par la gendarmerie de Carpentras, \u00e0 130 km\/h, sans permis de conduire depuis 9 ans apr\u00e8s [&hellip;]<\/p>\n","protected":false},"author":1,"featured_media":0,"comment_status":"closed","ping_status":"open","sticky":false,"template":"","format":"standard","meta":{"footnotes":""},"categories":[12],"tags":[],"_links":{"self":[{"href":"http:\/\/www.jacquesolivier.fr\/index.php?rest_route=\/wp\/v2\/posts\/165"}],"collection":[{"href":"http:\/\/www.jacquesolivier.fr\/index.php?rest_route=\/wp\/v2\/posts"}],"about":[{"href":"http:\/\/www.jacquesolivier.fr\/index.php?rest_route=\/wp\/v2\/types\/post"}],"author":[{"embeddable":true,"href":"http:\/\/www.jacquesolivier.fr\/index.php?rest_route=\/wp\/v2\/users\/1"}],"replies":[{"embeddable":true,"href":"http:\/\/www.jacquesolivier.fr\/index.php?rest_route=%2Fwp%2Fv2%2Fcomments&post=165"}],"version-history":[{"count":1,"href":"http:\/\/www.jacquesolivier.fr\/index.php?rest_route=\/wp\/v2\/posts\/165\/revisions"}],"predecessor-version":[{"id":166,"href":"http:\/\/www.jacquesolivier.fr\/index.php?rest_route=\/wp\/v2\/posts\/165\/revisions\/166"}],"wp:attachment":[{"href":"http:\/\/www.jacquesolivier.fr\/index.php?rest_route=%2Fwp%2Fv2%2Fmedia&parent=165"}],"wp:term":[{"taxonomy":"category","embeddable":true,"href":"http:\/\/www.jacquesolivier.fr\/index.php?rest_route=%2Fwp%2Fv2%2Fcategories&post=165"},{"taxonomy":"post_tag","embeddable":true,"href":"http:\/\/www.jacquesolivier.fr\/index.php?rest_route=%2Fwp%2Fv2%2Ftags&post=165"}],"curies":[{"name":"wp","href":"https:\/\/api.w.org\/{rel}","templated":true}]}}