{"id":173,"date":"2019-05-27T16:02:22","date_gmt":"2019-05-27T15:02:22","guid":{"rendered":"http:\/\/www.jacquesolivier.fr\/?p=173"},"modified":"2019-05-27T16:02:22","modified_gmt":"2019-05-27T15:02:22","slug":"europeennes-2019-vaucluse-comme-partout-en-europe-le-score-des-ecologistes-nous-oblige","status":"publish","type":"post","link":"http:\/\/www.jacquesolivier.fr\/?p=173","title":{"rendered":"Europ\u00e9ennes 2019 : Vaucluse : comme partout en Europe, le score des \u00e9cologistes nous oblige."},"content":{"rendered":"<div>\n<div><img decoding=\"async\" id=\"DAC5AA93-5FBB-4E03-A0F1-A38F580E79F2\" src=\"cid:0B5DEB65-094C-4B1F-A214-E5CA26782495\" \/><\/div>\n<div><\/div>\n<div>Communiqu\u00e9 \u00e0 la presse du 27 mai 2019<\/div>\n<div><span style=\"color: #7bb32e;\">\u00a0<\/span><\/div>\n<div>\n<div><\/div>\n<\/div>\n<p><a>Bravo \u00e0 tous les \u00e9lecteurs et \u00e0 toutes les \u00e9lectrices de sensibilit\u00e9 \u00e9cologiste et humaniste qui ont vot\u00e9 pour la liste Europe \u00c9cologie conduite par Yannick Jadot.<br \/>\n<\/a><br \/>\n<b>L\u2019\u00e9cologie est l&rsquo;enjeu de cette premi\u00e8re moiti\u00e9 du XXIe si\u00e8cle.\u00a0<\/b>Oui, le score des Verts nous oblige. Allemagne, Finlande, Irlande, Belgique, France\u2026 Ces \u00e9lections illustrent une prise\u00a0de conscience europ\u00e9enne de l\u2019urgence. Aujourd\u2019hui, on dit stop ! On refuse de s\u2019empoisonner quand on mange, on dit non au glyphosate et autres polluants de la terre,\u00a0de l\u2019air, de l\u2019eau et du vivant, on exige que la communaut\u00e9 internationale agisse imm\u00e9diatement et concr\u00e8tement pour le climat et la biodiversit\u00e9. C\u2019est le message qu\u2019ont fait passer celles et\u00a0ceux qui ont vot\u00e9 pour les Verts et leurs alli\u00e9s R&amp;PS et AEI. Et notamment les plus jeunes, qui ont compris qu&rsquo;il ne saurait \u00eatre question de continuer ainsi \u00e0 bousiller leur futur.<\/p>\n<div><\/div>\n<p><b>Mais pas de triomphalisme !\u00a0<\/b>Ce r\u00e9sultat est assombri par celui des extr\u00eames droites qui se consolident en Europe et arrivent en t\u00eate en France, en Italie, au Royaume-Uni, et qui\u00a0caracolent en Vaucluse. Nous ne pouvons en effet nous r\u00e9jouir de cette vague verte historique quand, se sentant d\u00e9laiss\u00e9e par une classe politique d\u00e9daigneuse, pr\u00e8s\u00a0d\u2019un quart de la population fran\u00e7aise confie ses voix au Rassemblement national.<\/p>\n<div><\/div>\n<div>\n<p><b>Nous\u00a0nous adressons \u00e0 toutes celles et ceux qui se sentent abandonn\u00e9-e-s.<\/b>\u00a0Dans notre d\u00e9partement en particulier, nombre de citoyen.ne.s\u00a0rament au quotidien pour se nourrir, se loger, se chauffer, se d\u00e9placer, permettre \u00e0 leurs gosses de faire des \u00e9tudes\u2026 Le mouvement des gilets jaunes est l\u2019illustration\u00a0de ce ras-le-bol.\u00a0Nous nous adressons aux demandeurs d&rsquo;asile qui se retrouvent \u00e0 la rue &#8211; alors m\u00eame que le Festival d&rsquo;Avignon s&rsquo;appr\u00eate \u00e0 c\u00e9l\u00e9brer les Odyss\u00e9es Contemporaines !\u00a0Les injustices qui assomment les plus fragiles participent de la m\u00eame logique\u00a0rouleau\u2004compresseur d\u2019un monde productiviste et consum\u00e9riste \u00e0 bout de souffle, d\u00e9pourvu de sens et qui \u00e9puise la\u00a0plan\u00e8te.<\/p>\n<div><\/div>\n<div><b>Notre projet est bien plus enthousiasmant que celui de la peur,<\/b> du repli, du rejet de l\u2019autre et du profit.\u00a0L\u2019\u00e9cologie veut tout autant la fin du d\u00e9r\u00e8glement climatique que la solidarit\u00e9,\u00a0le respect des identit\u00e9s de chacun.e.s et de l&rsquo;intelligence des peuples sur leurs territoires. Ce sont l\u00e0 des\u00a0remparts contre l\u2019extr\u00eame droite.\u00a0La vraie question politique,\u00a0existentielle,\u00a0c&rsquo;est celle d\u2019apprendre enfin \u00e0 habiter la Terre ensemble,\u00a0plus doucement, plus calmement, plus respectueusement\u2026 sans l\u2019ab\u00eemer et sans nous ab\u00eemer. Alors au boulot ! Construisons ensemble des projets municipaux \u00e9colos et solidaires. L&rsquo;\u00e9cologie a besoin de tout le monde.\u00a0<a>Ne nous regardez pas, rejoignez-nous !\u00a0<\/a><\/div>\n<div>\n<div>\n<div>\n<div>\n<div>\n<div>\n<div>\n<div>\n<div><\/div>\n<div><i><b>Sylvie Fare<\/b>, conseill\u00e8re d\u00e9partementale dE\u00c9LV, candidate<\/i><\/div>\n<div><i><b>Anne-Marie Hautant,<\/b>\u00a0R&amp;PS, candidate<\/i><\/div>\n<div><i><b>Serge Marolleau<\/b>, porte-parole d\u2019E\u00c9LV Vaucluse<\/i><\/div>\n<div><i><b>Ren\u00e9 Pelisson<\/b>, coordinateur de la campagne europ\u00e9enne dans le Vaucluse<\/i><\/div>\n<\/div>\n<\/div>\n<\/div>\n<\/div>\n<\/div>\n<\/div>\n<\/div>\n<\/div>\n<\/div>\n<\/div>\n<div>\n<div>\n<div>\n<div><\/div>\n<\/div>\n<p><br class=\"Apple-interchange-newline\" \/><img decoding=\"async\" id=\"EA033382-7C43-4679-A437-466FF7CDFD42\" src=\"cid:0B5DEB65-094C-4B1F-A214-E5CA26782495\" \/><\/p>\n<\/div>\n<\/div>\n","protected":false},"excerpt":{"rendered":"<p>Communiqu\u00e9 \u00e0 la presse du 27 mai 2019 \u00a0 Bravo \u00e0 tous les \u00e9lecteurs et \u00e0 toutes les \u00e9lectrices de sensibilit\u00e9 \u00e9cologiste et humaniste qui ont vot\u00e9 pour la liste Europe \u00c9cologie conduite par Yannick Jadot. L\u2019\u00e9cologie est l&rsquo;enjeu de cette premi\u00e8re moiti\u00e9 du XXIe si\u00e8cle.\u00a0Oui, le score des Verts nous oblige. Allemagne, Finlande, Irlande, [&hellip;]<\/p>\n","protected":false},"author":1,"featured_media":0,"comment_status":"closed","ping_status":"open","sticky":false,"template":"","format":"standard","meta":{"footnotes":""},"categories":[20],"tags":[],"_links":{"self":[{"href":"http:\/\/www.jacquesolivier.fr\/index.php?rest_route=\/wp\/v2\/posts\/173"}],"collection":[{"href":"http:\/\/www.jacquesolivier.fr\/index.php?rest_route=\/wp\/v2\/posts"}],"about":[{"href":"http:\/\/www.jacquesolivier.fr\/index.php?rest_route=\/wp\/v2\/types\/post"}],"author":[{"embeddable":true,"href":"http:\/\/www.jacquesolivier.fr\/index.php?rest_route=\/wp\/v2\/users\/1"}],"replies":[{"embeddable":true,"href":"http:\/\/www.jacquesolivier.fr\/index.php?rest_route=%2Fwp%2Fv2%2Fcomments&post=173"}],"version-history":[{"count":2,"href":"http:\/\/www.jacquesolivier.fr\/index.php?rest_route=\/wp\/v2\/posts\/173\/revisions"}],"predecessor-version":[{"id":175,"href":"http:\/\/www.jacquesolivier.fr\/index.php?rest_route=\/wp\/v2\/posts\/173\/revisions\/175"}],"wp:attachment":[{"href":"http:\/\/www.jacquesolivier.fr\/index.php?rest_route=%2Fwp%2Fv2%2Fmedia&parent=173"}],"wp:term":[{"taxonomy":"category","embeddable":true,"href":"http:\/\/www.jacquesolivier.fr\/index.php?rest_route=%2Fwp%2Fv2%2Fcategories&post=173"},{"taxonomy":"post_tag","embeddable":true,"href":"http:\/\/www.jacquesolivier.fr\/index.php?rest_route=%2Fwp%2Fv2%2Ftags&post=173"}],"curies":[{"name":"wp","href":"https:\/\/api.w.org\/{rel}","templated":true}]}}