{"id":177,"date":"2019-06-30T16:34:30","date_gmt":"2019-06-30T15:34:30","guid":{"rendered":"http:\/\/www.jacquesolivier.fr\/?p=177"},"modified":"2019-06-30T16:34:30","modified_gmt":"2019-06-30T15:34:30","slug":"canicule-et-pollution-linaction-du-vaucluse-est-coupable","status":"publish","type":"post","link":"http:\/\/www.jacquesolivier.fr\/?p=177","title":{"rendered":"Canicule et pollution : l\u2019inaction du Vaucluse est coupable !"},"content":{"rendered":"<div><i>Communiqu\u00e9 \u00e0 la presse du 30 juin 2019<\/i><\/div>\n<div><\/div>\n<div>\n<div><\/div>\n<div><span style=\"font-size: large;\"><b>Le Vaucluse n\u2019est pas \u00e0 la hauteur du bouleversement annonc\u00e9.\u00a0<\/b><\/span><span style=\"font-size: large;\"><b>Toutes les d\u00e9cisions politiques doivent \u00eatre repens\u00e9es pour r\u00e9duire et s&rsquo;adapter au changement climatique qui nous attend.<\/b>\u00a0<\/span>Selon toutes probabilit\u00e9s scientifiques,\u00a0dans une vingtaine d\u2019ann\u00e9es,\u00a0l\u2019\u00e9pisode caniculaire que nous traversons sera la norme. Et que font les pouvoirs publics ? Rien\u2026 ou si peu !<\/div>\n<div><\/div>\n<div><b>Dans notre d\u00e9partement, les politiques d\u2019am\u00e9nagement continuent de faire la part belle au tout voiture. <\/b><span style=\"font-size: large;\">Les transports en commun sont peaux de chagrin, les voies cyclables inexistantes ou presque, les v\u00e9los \u00e9lectriques ne sont pas favoris\u00e9s, des lignes de chemin de fer menacent d\u2019\u00eatre supprim\u00e9es, des guichets SNCF ferm\u00e9s et leurs personnels sacrifi\u00e9s, pas de\u00a0<\/span>d\u00e9veloppement des \u00e9nergies renouvelables,\u00a0d&rsquo;aides \u00e0 l&rsquo;isolation thermique des b\u00e2timents,\u00a0<span style=\"font-size: large;\">d\u2019application des principes pollueur-payeur et de pr\u00e9caution, de pr\u00e9servation de la biodiversit\u00e9, de soutiens \u00e0 l<\/span>&lsquo;agriculture biologique et aux circuits courts\u2026\u00a0<span style=\"font-size: large;\">Nos<\/span>\u00a0centres-villes et villages suffoquent par manque de v\u00e9g\u00e9talisation\u2026 et on continue d\u2019abattre les grands arbres !<\/div>\n<div><\/div>\n<div><b>Partout, l<\/b><b>a climatisation continue \u00e0 \u00eatre prioris\u00e9e alors qu\u2019\u00e0 ce rythme, dans une trentaine d\u2019ann\u00e9es,\u00a0elle sera responsable de pr\u00e8s de 20 % des \u00e9missions mondiales des gaz \u00e0 effet de serre<\/b> ; p<span style=\"font-size: large;\">ourtant, de nouveaux proc\u00e9d\u00e9s utilisant l\u2019\u00e9nergie solaire pour climatiser sans aucun rejet de HFC font leurs preuves. Qu\u2019attend-on pour en \u00e9quiper les b\u00e2timents publics ? Gr\u00e2ce \u00e0 la pression des \u00e9cologistes, Avignon vient de mettre en place la gratuit\u00e9 des transports publics pendant les pics de pollution. Qu\u2019attend-on pour l&rsquo;\u00e9tendre \u00e0 tout le d\u00e9partement ?\u00a0<\/span><\/div>\n<div><span style=\"font-size: large;\">\u00a0<\/span><\/div>\n<div>\n<div><span style=\"font-size: large;\"><b>En 2020, pour les \u00e9lections municipales, un tri s\u00e9lectif devra \u00eatre fait entre les politicien.ne.s\u00a0<\/b><\/span><span style=\"font-size: large;\"><b>qui r\u00e9cup\u00e8rent l\u2019\u00e9cologie \u00e0 des fins \u00e9lectoralistes et celles et ceux qui mettront concr\u00e8tement l\u2019\u00e9cologie en actes.<\/b>\u00a0<\/span><span style=\"font-size: large;\">La canicule et la pollution \u00e0 l\u2019ozone qui va avec ne sont que des avant-go\u00fbts des cons\u00e9quences du d\u00e9r\u00e8glement climatique.\u00a0<\/span>67 000 morts par an en France\u00a0li\u00e9s \u00e0 la\u00a0pollution de l\u2019air :\u00a0\u00e7a suffit ! Les \u00e9cologistes veulent des actes. Des actes pour pr\u00e9server l\u2019eau, l\u2019air, la terre, le vivant, la sant\u00e9 !\u00a0Nous sommes des millions \u00e0 vouloir une soci\u00e9t\u00e9 plus juste, plus \u00e9cologiste, plus solidaire. Ensemble, nous allons sauver le climat !<\/div>\n<div><\/div>\n<\/div>\n<\/div>\n","protected":false},"excerpt":{"rendered":"<p>Communiqu\u00e9 \u00e0 la presse du 30 juin 2019 Le Vaucluse n\u2019est pas \u00e0 la hauteur du bouleversement annonc\u00e9.\u00a0Toutes les d\u00e9cisions politiques doivent \u00eatre repens\u00e9es pour r\u00e9duire et s&rsquo;adapter au changement climatique qui nous attend.\u00a0Selon toutes probabilit\u00e9s scientifiques,\u00a0dans une vingtaine d\u2019ann\u00e9es,\u00a0l\u2019\u00e9pisode caniculaire que nous traversons sera la norme. Et que font les pouvoirs publics ? Rien\u2026 [&hellip;]<\/p>\n","protected":false},"author":1,"featured_media":0,"comment_status":"closed","ping_status":"open","sticky":false,"template":"","format":"standard","meta":{"footnotes":""},"categories":[21],"tags":[],"_links":{"self":[{"href":"http:\/\/www.jacquesolivier.fr\/index.php?rest_route=\/wp\/v2\/posts\/177"}],"collection":[{"href":"http:\/\/www.jacquesolivier.fr\/index.php?rest_route=\/wp\/v2\/posts"}],"about":[{"href":"http:\/\/www.jacquesolivier.fr\/index.php?rest_route=\/wp\/v2\/types\/post"}],"author":[{"embeddable":true,"href":"http:\/\/www.jacquesolivier.fr\/index.php?rest_route=\/wp\/v2\/users\/1"}],"replies":[{"embeddable":true,"href":"http:\/\/www.jacquesolivier.fr\/index.php?rest_route=%2Fwp%2Fv2%2Fcomments&post=177"}],"version-history":[{"count":1,"href":"http:\/\/www.jacquesolivier.fr\/index.php?rest_route=\/wp\/v2\/posts\/177\/revisions"}],"predecessor-version":[{"id":178,"href":"http:\/\/www.jacquesolivier.fr\/index.php?rest_route=\/wp\/v2\/posts\/177\/revisions\/178"}],"wp:attachment":[{"href":"http:\/\/www.jacquesolivier.fr\/index.php?rest_route=%2Fwp%2Fv2%2Fmedia&parent=177"}],"wp:term":[{"taxonomy":"category","embeddable":true,"href":"http:\/\/www.jacquesolivier.fr\/index.php?rest_route=%2Fwp%2Fv2%2Fcategories&post=177"},{"taxonomy":"post_tag","embeddable":true,"href":"http:\/\/www.jacquesolivier.fr\/index.php?rest_route=%2Fwp%2Fv2%2Ftags&post=177"}],"curies":[{"name":"wp","href":"https:\/\/api.w.org\/{rel}","templated":true}]}}