{"id":188,"date":"2019-12-06T17:27:03","date_gmt":"2019-12-06T16:27:03","guid":{"rendered":"http:\/\/www.jacquesolivier.fr\/?p=188"},"modified":"2019-12-06T17:27:03","modified_gmt":"2019-12-06T16:27:03","slug":"soutenons-veronique-agogue-fernaillon-et-son-equipe-osons-lavenir","status":"publish","type":"post","link":"http:\/\/www.jacquesolivier.fr\/?p=188","title":{"rendered":"Soutenons V\u00e9ronique Agogu\u00e9 Fernaillon et son \u00e9quipe. Osons l&rsquo;avenir !"},"content":{"rendered":"<p align=\"JUSTIFY\">Ainsi donc, M. Bayon de Noyer se d\u00e9clare dans l&rsquo;\u00e9dition de La Provence de ce samedi 30 novembre 2019, candidat \u00e0 sa propre succession \u00e0 la mairie du Thor.<\/p>\n<p align=\"JUSTIFY\">Annoncer oralement lors de sa campagne \u00e9lectorale de 2014 qu&rsquo;il ne ferait qu&rsquo;un mandat\u00a0; annoncer en conseil Municipal et dans la presse qu&rsquo;il ne serait pas candidat aux prochaines \u00e9lections municipales de 2020\u00a0; tout cela n&rsquo;a pas de valeur pour lui.<\/p>\n<p align=\"JUSTIFY\">Car ce n&rsquo;est pas de sa faute s&rsquo;il change d&rsquo;avis, c&rsquo;est \u00e0 cause de ceux qui ont d\u00e9missionn\u00e9&#8230;<\/p>\n<p align=\"JUSTIFY\">Gros menteur donc&#8230; Mais aussi d\u00e9linquant\u00a0:<\/p>\n<p align=\"JUSTIFY\">Le vendredi 2 novembre 2018, Yves Bayon de Noyer, maire du Thor depuis 2014, a \u00e9t\u00e9 flash\u00e9 \u00e0 133 km\/h sur une route limit\u00e9e \u00e0 30 km\/h nous dit Vaucluse Matin (du 30 novembre 2020) \u00e0 Pernes les Fontaines. Les gendarmes se sont alors aper\u00e7us que le premier magistrat conduisait sans permis depuis 2009\u00a0! Permis qui aurait d\u00fb \u00eatre restitu\u00e9 mais \u00e0 l\u2019\u00e9poque Yves Bayon de Noyer avait pr\u00e9sent\u00e9 une d\u00e9claration de perte de son permis de conduire.<\/p>\n<p align=\"JUSTIFY\">Devant les faits, le maire du Thor a alors accept\u00e9 une comparution sur reconnaissance pr\u00e9alable de culpabilit\u00e9 (CRPC), dite aussi proc\u00e9dure de \u00ab\u00a0plaider coupable\u00a0\u00bb.<\/p>\n<p align=\"JUSTIFY\">Il n&rsquo;avait donc plus son permis de conduire depuis 5 ans quand en 2014 il s&rsquo;est pr\u00e9sent\u00e9 devant les \u00e9lecteurs pour \u00eatre le 1er magistrat de la commune et donc OPJ (officier de police judiciaire) c&rsquo;est \u00e0 dire celui qui fait respecter la loi sur la commune alors que lui-m\u00eame \u00e9tait en infraction. Dans la Provence du 30 novembre 2019, Yves Bayon de Noyer dit \u00ab\u00a0 oui \u00e0 cette \u00e9poque j&rsquo;avais annonc\u00e9 clairement ce qui \u00e9tait ma d\u00e9cision&#8230;en reconnaissant que j&rsquo;avais commis une faute importante dans ma vie personnelle.\u00a0\u00bb<\/p>\n<p align=\"JUSTIFY\">Il veut par l\u00e0 nous faire entendre qu&rsquo;il ne faut pas m\u00e9langer vie priv\u00e9e et vie publique.<\/p>\n<p align=\"JUSTIFY\">Las ! Dans son cas les deux sont bien et fortement li\u00e9es. On ne peut pas \u00eatre condamn\u00e9 (faiblement vu la gravit\u00e9 du d\u00e9lit) pour avoir d\u00e9pass\u00e9 la limitation de vitesse, avoir roul\u00e9 sans permis et donc sans assurance et \u00eatre celui qui fait respecter la loi sur la commune. C&rsquo;est pourtant ce qu&rsquo;il a fait. Il y a l\u00e0 malhonn\u00eatet\u00e9 et tromperie de l&rsquo;\u00e9lecteur, mais aussi inconscience absolue. On le sait depuis longtemps : lorsque l&rsquo;orgueil va devant, honte et dommage le suivent.<\/p>\n<p align=\"JUSTIFY\">C&rsquo;est le malheur actuel du Thor car l&rsquo;histoire de M Bayon de Noyer fait sourire dans toutes les communes voisines et am\u00e8ne la honte sur notre ville.<\/p>\n<p align=\"JUSTIFY\">Bien s\u00fbr M Bayon de Noyer se dit irrempla\u00e7able pour finaliser certains travaux au Thor notamment le projet c\u0153ur de ville. Or ce projet, initi\u00e9 il y a d\u00e9j\u00e0 fort longtemps par les maires pr\u00e9c\u00e9dents, a \u00e9t\u00e9 commenc\u00e9 lors de mon mandat et c&rsquo;est M Bayon de Noyer lui m\u00eame qui l&rsquo;a arr\u00eat\u00e9 pour le reprendre maintenant, juste avant les \u00e9lections, mais malheureusement en pleine crue de la Sorgue.<\/p>\n<p align=\"JUSTIFY\">Ne vous inqui\u00e9tez pas, le prochain maire terminera ce projet car il est utile et n\u00e9cessaire \u00e0 la commune. Pas besoin de M Bayon de Noyer.<\/p>\n<p align=\"JUSTIFY\">Bref, M Bayon de Noyer, prompt \u00e0 sermonner, fait peu de cas de l&rsquo;\u00e9thique en politique qui veut qu&rsquo;un maire se doit d&rsquo;\u00eatre exemplaire vis \u00e0 vis de ses administr\u00e9s et encore plus de la jeunesse. Si ses colistiers actuels n&rsquo;\u00e9taient pas au courant en 2014, ses colistiers pour ces prochaines \u00e9lections ne pourront pas dire qu&rsquo;ils ne savaient pas.<\/p>\n<p align=\"JUSTIFY\">Quant \u00e0 sa conception du travail en \u00e9quipe, elle n&rsquo;est pas la mienne.<\/p>\n<p align=\"JUSTIFY\">\u00c0 l&rsquo;heure o\u00f9 les citoyens demandent \u00e0 leurs \u00e9lus d&rsquo;\u00eatre irr\u00e9prochables, la candidature du maire sortant n&rsquo;est pas digne de notre commune. Elle sonne comme une claque \u00e0 la parole donn\u00e9e\u00a0: qui pourra encore le croire\u00a0?<\/p>\n<p align=\"JUSTIFY\">Terminons en lui trouvant un certain sens de l&rsquo;humour. A la question\u00a0: serez vous candidat aux \u00e9lections municipales de mars prochain\u00a0? M Bayon de Noyer r\u00e9pond\u00a0: \u00ab\u00a0Oui, je <em><strong>conduirai<\/strong><\/em> une liste&#8230;\u00a0!\u00a0\u00bb Savoureux\u00a0!<\/p>\n<p align=\"JUSTIFY\">Personnellement je soutiens la liste \u00ab\u00a0Osez l&rsquo;avenir, Le Thor en action\u00a0\u00bb conduite par V\u00e9ronique Agogu\u00e9 Fernaillon et son \u00e9quipe motiv\u00e9e, comp\u00e9tente et solidaire.<\/p>\n<p align=\"JUSTIFY\">Comme moi, apportez lui votre soutien en m&rsquo;envoyant un mail \u00e0 <a href=\"mailto:jdolivier@orange.fr\">jdolivier@orange.fr<\/a><\/p>\n","protected":false},"excerpt":{"rendered":"<p>Ainsi donc, M. Bayon de Noyer se d\u00e9clare dans l&rsquo;\u00e9dition de La Provence de ce samedi 30 novembre 2019, candidat \u00e0 sa propre succession \u00e0 la mairie du Thor. Annoncer oralement lors de sa campagne \u00e9lectorale de 2014 qu&rsquo;il ne ferait qu&rsquo;un mandat\u00a0; annoncer en conseil Municipal et dans la presse qu&rsquo;il ne serait pas [&hellip;]<\/p>\n","protected":false},"author":1,"featured_media":0,"comment_status":"closed","ping_status":"open","sticky":false,"template":"","format":"standard","meta":{"footnotes":""},"categories":[22],"tags":[],"_links":{"self":[{"href":"http:\/\/www.jacquesolivier.fr\/index.php?rest_route=\/wp\/v2\/posts\/188"}],"collection":[{"href":"http:\/\/www.jacquesolivier.fr\/index.php?rest_route=\/wp\/v2\/posts"}],"about":[{"href":"http:\/\/www.jacquesolivier.fr\/index.php?rest_route=\/wp\/v2\/types\/post"}],"author":[{"embeddable":true,"href":"http:\/\/www.jacquesolivier.fr\/index.php?rest_route=\/wp\/v2\/users\/1"}],"replies":[{"embeddable":true,"href":"http:\/\/www.jacquesolivier.fr\/index.php?rest_route=%2Fwp%2Fv2%2Fcomments&post=188"}],"version-history":[{"count":1,"href":"http:\/\/www.jacquesolivier.fr\/index.php?rest_route=\/wp\/v2\/posts\/188\/revisions"}],"predecessor-version":[{"id":189,"href":"http:\/\/www.jacquesolivier.fr\/index.php?rest_route=\/wp\/v2\/posts\/188\/revisions\/189"}],"wp:attachment":[{"href":"http:\/\/www.jacquesolivier.fr\/index.php?rest_route=%2Fwp%2Fv2%2Fmedia&parent=188"}],"wp:term":[{"taxonomy":"category","embeddable":true,"href":"http:\/\/www.jacquesolivier.fr\/index.php?rest_route=%2Fwp%2Fv2%2Fcategories&post=188"},{"taxonomy":"post_tag","embeddable":true,"href":"http:\/\/www.jacquesolivier.fr\/index.php?rest_route=%2Fwp%2Fv2%2Ftags&post=188"}],"curies":[{"name":"wp","href":"https:\/\/api.w.org\/{rel}","templated":true}]}}