{"id":42,"date":"2014-11-26T22:40:43","date_gmt":"2014-11-26T21:40:43","guid":{"rendered":"http:\/\/www.jacquesolivier.fr\/?p=42"},"modified":"2014-11-26T22:40:43","modified_gmt":"2014-11-26T21:40:43","slug":"discours-de-nicette-aubert-ancienne-vice-presidente-de-la-region-provence-alpes-cote-dazur-a-loccasion-de-la-remise-de-la-medaille-du-merite-agricole-a-jacques-olivier","status":"publish","type":"post","link":"http:\/\/www.jacquesolivier.fr\/?p=42","title":{"rendered":"Discours de Nicette Aubert, ancienne Vice-Pr\u00e9sidente de la R\u00e9gion Provence Alpes C\u00f4te d\u2019Azur, \u00e0 l\u2019occasion de la remise de la m\u00e9daille du M\u00e9rite Agricole \u00e0 Jacques OLIVIER"},"content":{"rendered":"<p>Monsieur le Pr\u00e9sident, Mesdames, Messieurs, mon cher Jacques.<br \/>\nNous sommes r\u00e9unis aujourd\u2019hui de mani\u00e8re quelque peu solennelle pour honorer et d\u00e9corer du M\u00e9rite agricole Jacques Olivier, mon ami Jacques.<br \/>\nAinsi Jacques apr\u00e8s ton grand-p\u00e8re Fran\u00e7ois Olivier, apr\u00e8s ton p\u00e8re ou plut\u00f4t \u00ab\u00a0le p\u00e8re\u00a0\u00bb comme tu le dis, tu vas entrer dans cet ordre du M\u00e9rite agricole.<br \/>\nOrdre cr\u00e9e en 1883 pour honorer les \u00ab\u00a0personnes ayant rendu des services marquant \u00e0 l\u2019agriculture\u00a0\u00bb.Il me plait \u00e0 dire que d\u00e8s 1884, 2 femmes re\u00e7urent cette nouvelle d\u00e9coration, Marie Anne Thomas et Cora Millet.<br \/>\nComme il me plait \u00e0 dire que lorsque en 1963 le G\u00e9n\u00e9ral de Gaulle met de l\u2019ordre dans \u00ab\u00a0le bazar\u00a0\u00bb selon ses propres termes, des ordres sp\u00e9cialis\u00e9s, aux c\u00f4t\u00e9s des Arts et des Lettres, de l\u2019enseignement, la mer, il conserve celui de l\u2019agriculture. C\u2019est dire la place que tient l\u2019agriculture dans ce qui fait l\u2019identit\u00e9 nationale.<br \/>\nJe suis d\u2019autant plus heureuse d\u2019\u00eatre l\u00e0 qu\u2019avec toi Jacques nous partageons bien des points communs.<br \/>\nD\u2019abord celui, d\u2019\u00eatre toi le fils, moi la fille d\u2019agriculteurs, d\u2019avoir tous deux partag\u00e9s le travail de la terre, d\u2019avoir connu dans notre jeunesse, \u00ab\u00a0une ann\u00e9e bonne, l\u2019autre non\u00a0\u00bb, de savoir que ce sont les femmes et les hommes qui par leur travail cr\u00e9ent les richesses.<br \/>\nEnsuite d\u2019avoir en commun cet engagement avec le monde agricole, un engagement sans flatterie, d\u00e9magogie o\u00f9 le rapport au monde politique ne se r\u00e9duit pas \u00e0 des marchandages.<br \/>\nTon engagement est fond\u00e9 sur 3 principes\u00a0: celui du respect de la dignit\u00e9 des femmes et des hommes, celui de la reconnaissance de leur travail, celui de consid\u00e9rer le monde agricole comme une des composantes essentielle de la soci\u00e9t\u00e9. A ce titre je veux souligner combien tu as particip\u00e9 \u00e0 \u00ab\u00a0ce que la question paysanne\u00a0\u00bb et son avenir deviennent de vraies questions qui interroge au pr\u00e9sent et pour demain l\u2019ensemble de la soci\u00e9t\u00e9.<br \/>\nEnfin d\u2019avoir en commun travaill\u00e9 \u00e0 la construction d\u2019une nouvelle politique agricole au niveau r\u00e9gional.<br \/>\nUne politique fond\u00e9e sur la mise en \u0153uvre d\u2019une vision nouvelle.<br \/>\nJe dois \u00e0 la v\u00e9rit\u00e9, de te dire Jacques, combien alors que j\u2019\u00e9tais vice-pr\u00e9sidente du Conseil r\u00e9gional, charg\u00e9e de l\u2019agriculture et de la for\u00eat, ton arriv\u00e9e comme pr\u00e9sident de la commission fut pour moi, un v\u00e9ritable bol d\u2019air, toi qui venait avec toute ton exp\u00e9rience de la vie associative, tes engagements entre autre contre les OGM, toi porteur des questions d\u2019\u00e9nergie, de dimensions environnementales.<br \/>\nToi Jacques avec ton engagement syndical, vrai, sinc\u00e8re, qui t\u2019a conduit \u00e0 participer \u00e0 la cr\u00e9ation et \u00e0 la vie de SUD.CAM avec une double responsabilit\u00e9 celle de la commission \u00ab\u00a0banque finances\u00a0\u00bb et celle des relations avec la Conf\u00e9d\u00e9ration paysanne\u00a0; engagement syndical qui aussi t\u2019a valu d\u2019\u00eatre membre de la Chambre d\u2019agriculture et de la MSA.<br \/>\nToi Jacques avec ton engagement dans la vie politique, o\u00f9 dans ton mandat de Maire du Thor tu as port\u00e9 des id\u00e9es de progr\u00e8s, de solidarit\u00e9 et pos\u00e9 des actes forts comme celui de Commune sans OGM.<br \/>\nAinsi avec nos exp\u00e9riences, nos analyses, nous visions \u00e0 avancer dans la voie d\u2019une politique agricole r\u00e9pondant mieux aux besoins du moment, des exigences d\u2019avenir.<br \/>\nDepuis longtemps je m\u2019interroge sur les r\u00e9ponses \u00e0 apporter \u00e0 l\u2019analyse et aux propos de Karl Marx\u00a0:\u00a0\u00bb Chaque progr\u00e8s dans l\u2019agriculture capitaliste est un progr\u00e8s non seulement dans l\u2019art d\u2019exploiter le travailleur, mais encore de d\u00e9pouiller le sol. Chaque progr\u00e8s dans l\u2019art d\u2019accro\u00eetre sa fertilit\u00e9 pour un temps, un progr\u00e8s dans la ruine de ses sources durables de fertilit\u00e9\u00a0\u00bb<br \/>\nToi, tu reprenais le questionnement avec Pierre Rabhi \u00ab\u00a0 ne pouvant produire sans \u00e9puiser, d\u00e9truire et polluer, le mod\u00e8le dominant contient en fait les germes de sa propre destruction et n\u00e9cessite d\u2019urgence des alternatives fond\u00e9es sur la dynamique du vivant\u00a0\u00bb.<br \/>\nEnsemble nous avons travaill\u00e9, nous avons rencontr\u00e9 les femmes et les hommes qui font l\u2019agriculture aujourd\u2019hui, nous avons \u00e9chang\u00e9 autour de cette question de civilisation qu\u2019ils vivent au quotidien.<br \/>\nNous l\u2019avons fait avec la volont\u00e9 de construire en commun, non pas dans un consensus mou ou en imposant, mais avec l\u2019id\u00e9e que les diff\u00e9rences d\u2019approches ne sont pas des obstacles \u00e0 condition de les assumer dans un projet commun porteur de l\u2019int\u00e9r\u00eat g\u00e9n\u00e9ral.<br \/>\nL\u00e0 encore ton exp\u00e9rience, ta loyaut\u00e9, ton sens du bien commun nous ont permis d\u2019avancer.<br \/>\nEt je voudrai souligner comment la dimension du travail humain et son rapport \u00e0 l\u2019environnement a \u00e9t\u00e9 prise en compte, en refusant l\u2019opposition agriculture, pr\u00e9servation de l\u2019environnement pour mettre en \u0153uvre au niveau r\u00e9gional une agriculture productrice d\u2019un environnement de qualit\u00e9 au travers de pratiques alternatives.<br \/>\nLoyal, inventif et disponible pour les autres ainsi est Jacques Olivier. Je n\u2019aurai garde d\u2019oublier une de ses qualit\u00e9s majeures, celle de son app\u00e9tit, de sa gourmandise \u00e0 vivre.<br \/>\nIl illustre parfaitement ce que Giono disait de la vie\u00a0: \u00ab\u00a0la vie de l\u2019homme est une chasse au bonheur. Parmi ces bonheurs, l\u2019exercice de la gourmandise est un des plus importants\u00a0\u00bb.<br \/>\nAlors en terminant, je veux dire \u00e0 Dani\u00e8le, \u00e0 ses enfants, et peut \u00eatre encore plus \u00e0 ses petits enfants, Oscar, Lisa, Dante combien ils peuvent \u00eatre fier de Jacques Olivier, lui dont la m\u00e8re \u00e9tait venue de ces vall\u00e9es du Pi\u00e9mont italien et qui comme tant d\u2019immigr\u00e9s ont apport\u00e9 toute leur force de travail, leur intelligence, leur humanit\u00e9 enrichissant ainsi notre patrimoine national.<\/p>\n<p>AU NOM DU MINISTRE DE L\u2019AGRICULTURE, DE L\u2019AGROALIMENTAIRE ET DE LA FOR\u00caT NOUS VOUS FAISONS CHEVALIER DU MERITE AGRICOLE.<\/p>\n","protected":false},"excerpt":{"rendered":"<p>Monsieur le Pr\u00e9sident, Mesdames, Messieurs, mon cher Jacques. Nous sommes r\u00e9unis aujourd\u2019hui de mani\u00e8re quelque peu solennelle pour honorer et d\u00e9corer du M\u00e9rite agricole Jacques Olivier, mon ami Jacques. Ainsi Jacques apr\u00e8s ton grand-p\u00e8re Fran\u00e7ois Olivier, apr\u00e8s ton p\u00e8re ou plut\u00f4t \u00ab\u00a0le p\u00e8re\u00a0\u00bb comme tu le dis, tu vas entrer dans cet ordre du M\u00e9rite [&hellip;]<\/p>\n","protected":false},"author":1,"featured_media":0,"comment_status":"closed","ping_status":"open","sticky":false,"template":"","format":"standard","meta":{"footnotes":""},"categories":[1],"tags":[8,9],"_links":{"self":[{"href":"http:\/\/www.jacquesolivier.fr\/index.php?rest_route=\/wp\/v2\/posts\/42"}],"collection":[{"href":"http:\/\/www.jacquesolivier.fr\/index.php?rest_route=\/wp\/v2\/posts"}],"about":[{"href":"http:\/\/www.jacquesolivier.fr\/index.php?rest_route=\/wp\/v2\/types\/post"}],"author":[{"embeddable":true,"href":"http:\/\/www.jacquesolivier.fr\/index.php?rest_route=\/wp\/v2\/users\/1"}],"replies":[{"embeddable":true,"href":"http:\/\/www.jacquesolivier.fr\/index.php?rest_route=%2Fwp%2Fv2%2Fcomments&post=42"}],"version-history":[{"count":1,"href":"http:\/\/www.jacquesolivier.fr\/index.php?rest_route=\/wp\/v2\/posts\/42\/revisions"}],"predecessor-version":[{"id":43,"href":"http:\/\/www.jacquesolivier.fr\/index.php?rest_route=\/wp\/v2\/posts\/42\/revisions\/43"}],"wp:attachment":[{"href":"http:\/\/www.jacquesolivier.fr\/index.php?rest_route=%2Fwp%2Fv2%2Fmedia&parent=42"}],"wp:term":[{"taxonomy":"category","embeddable":true,"href":"http:\/\/www.jacquesolivier.fr\/index.php?rest_route=%2Fwp%2Fv2%2Fcategories&post=42"},{"taxonomy":"post_tag","embeddable":true,"href":"http:\/\/www.jacquesolivier.fr\/index.php?rest_route=%2Fwp%2Fv2%2Ftags&post=42"}],"curies":[{"name":"wp","href":"https:\/\/api.w.org\/{rel}","templated":true}]}}