{"id":44,"date":"2014-11-26T22:42:33","date_gmt":"2014-11-26T21:42:33","guid":{"rendered":"http:\/\/www.jacquesolivier.fr\/?p=44"},"modified":"2014-11-26T23:12:26","modified_gmt":"2014-11-26T22:12:26","slug":"remerciements-pour-la-remise-de-la-medaille-de-chevalier-du-merite-agricole-18-novembre-2014","status":"publish","type":"post","link":"http:\/\/www.jacquesolivier.fr\/?p=44","title":{"rendered":"Remerciements pour la remise de la m\u00e9daille de <br\/> chevalier du m\u00e9rite agricole,  18 novembre 2014"},"content":{"rendered":"<div id=\"attachment_49\" style=\"width: 570px\" class=\"wp-caption aligncenter\"><a href=\"http:\/\/www.jacquesolivier.fr\/wp-content\/uploads\/2014\/11\/meriteAgricoleJo.jpg\"><img loading=\"lazy\" decoding=\"async\" aria-describedby=\"caption-attachment-49\" class=\"wp-image-49\" src=\"http:\/\/www.jacquesolivier.fr\/wp-content\/uploads\/2014\/11\/meriteAgricoleJo.jpg\" alt=\"Remise de la medaille du m\u00e9rite agricole, Jacques Olivier\" width=\"560\" height=\"375\" srcset=\"http:\/\/www.jacquesolivier.fr\/wp-content\/uploads\/2014\/11\/meriteAgricoleJo.jpg 900w, http:\/\/www.jacquesolivier.fr\/wp-content\/uploads\/2014\/11\/meriteAgricoleJo-300x200.jpg 300w, http:\/\/www.jacquesolivier.fr\/wp-content\/uploads\/2014\/11\/meriteAgricoleJo-624x417.jpg 624w\" sizes=\"(max-width: 560px) 100vw, 560px\" \/><\/a><p id=\"caption-attachment-49\" class=\"wp-caption-text\">Remise de la medaille du m\u00e9rite agricole, Jacques Olivier<\/p><\/div>\n<p>Monsieur le pr\u00e9sident, Mmes, Mrs,<\/p>\n<p>C\u2019est avec un grand plaisir que je re\u00e7ois aujourd\u2019hui cette d\u00e9coration.<br \/>\nC\u2019est un honneur d\u2019\u00eatre reconnu par\u00a0 le minist\u00e8re de l\u2019Agriculture, de l\u2019Agroalimentaire et de la for\u00eat et d\u2019\u00eatre ainsi r\u00e9compens\u00e9.<\/p>\n<p>Je voudrais remercier l\u2019AMOMA, \u00e0 travers son Pr\u00e9sident, qui a propos\u00e9 ma nomination.<\/p>\n<p>L\u2019an dernier je remettais sa m\u00e9daille \u00e0 notre ami Ren\u00e9 Leydier et aujourd\u2019hui c\u2019est \u00e0 moi que l\u2019on d\u00e9cerne cette m\u00e9daille.<\/p>\n<p>Je voudrais aussi remercier Nicette Aubert pour son discours en forme d\u2019\u00e9loge.<br \/>\nQue de louanges\u00a0!<br \/>\nEn fait on devrait recevoir une m\u00e9daille r\u00e9guli\u00e8rement pour s\u2019entendre dire du bien de soi\u2026<\/p>\n<p>Lorsque Jules M\u00e9line devint ministre de l&rsquo;agriculture, un de ses premiers actes fut la cr\u00e9ation d&rsquo;une distinction sp\u00e9cifique, le m\u00e9rite agricole, pour r\u00e9compenser les services rendus \u00e0 l&rsquo;agriculture. Ce fut le d\u00e9cret du 7 juillet 1883.<br \/>\nPlus tard, le 5 novembre 1894, il cr\u00e9era les soci\u00e9t\u00e9s locales de cr\u00e9dit agricole devenu le Cr\u00e9dit Agricole \u2026 qui a tenu une place important dans ma vie\u2026 et M\u00e9line fait partie de mes souvenir de formation.<\/p>\n<p>Je suis effectivement issu du monde agricole, d\u2019abord avignonnais puis thorois.<br \/>\nMon grand-p\u00e8re et mon p\u00e8re \u00e9taient chacun tr\u00e8s engag\u00e9 dans l\u2019agriculture.<br \/>\nSur la plaque de son camion, un Renault, \u00e9tait inscrit \u00ab\u00a0cultivateur\u00a0\u00bb.<\/p>\n<p>Souvenir aussi de ma grand-m\u00e8re et mon grand-p\u00e8re maternels, venus du Pi\u00e9mont et de berger devenu viticulteur.<\/p>\n<p>Quand j\u2019ai re\u00e7u mon dipl\u00f4me, j\u2019ai constat\u00e9 qu\u2019au fil du temps, il \u00e9tait de plus en plus petit\u00a0: celui de mon grand-p\u00e8re \u00e9tait grand, tr\u00e8s d\u00e9cor\u00e9, (il \u00e9tait encadr\u00e9 dans la salle \u00e0 manger) celui de mon p\u00e8re, moiti\u00e9 plus petit et celui que je re\u00e7ois encore plus petit.<br \/>\nC\u2019est un peu comme le poids de l\u2019agriculture dans la soci\u00e9t\u00e9 fran\u00e7aise et dans notre r\u00e9gion. Et pourtant l\u2019agriculture c\u2019est la base de toute soci\u00e9t\u00e9\u00a0: manger est essentiel. Etre paysan est un beau m\u00e9tier, d\u00e9fendre l\u2019agriculture une n\u00e9cessit\u00e9.<\/p>\n<p>Mon histoire, mes convictions m\u2019ont amen\u00e9 \u00e0 d\u00e9fendre une agriculture \u00e9conomiquement viable, socialement juste et productrice d\u2019un environnement de qualit\u00e9,\u2026. plus particuli\u00e8rement l\u2019AB et ce de fa\u00e7on volontariste\u2026 et contre les OGM de fa\u00e7on toute aussi volontariste.<\/p>\n<p>C\u2019est une politique que j\u2019ai d\u00e9fendu, ici m\u00eame, dans cet amphith\u00e9\u00e2tre de la Chambre d\u2019agriculture de Vaucluse lorsque j\u2019\u00e9tais repr\u00e9sentant salari\u00e9 au titre de Solidaires,<br \/>\nPuis en tant que politique, \u00e0 la R\u00e9gion, soutenu par Nicette Aubert que je remercie encore, et enfin dans mon mandat de maire du Thor.<\/p>\n<p>C\u2019est une politique que je continue de d\u00e9fendre \u00e0 la R\u00e9gion dans le cadre des discussions sur la PAC et le FEADER. \u00c7a avance\u2026 bien que je craigne que ce soit la n\u00e9cessit\u00e9 qui fasse loi.<br \/>\nJe finirais en remerciant bien sur Danielle, ma femme.<br \/>\nElle n\u2019est pas issue du monde agricole. Depuis 37 ans, elle a appris \u00e0 le connaitre.<br \/>\nComme nous le savons ici, on ne peut pas \u00eatre militant comme je le suis depuis si longtemps sans avoir le soutien de son conjoint.<br \/>\nParfois elle en a marre, et elle le dit\u2026 mais parfois c\u2019est elle qui me pousse\u00a0!<br \/>\nMerci donc \u00e0 elle\u2026<\/p>\n<p>Et merci \u00e0 vous tous pour cette belle c\u00e9r\u00e9monie.<\/p>\n","protected":false},"excerpt":{"rendered":"<p>Monsieur le pr\u00e9sident, Mmes, Mrs, C\u2019est avec un grand plaisir que je re\u00e7ois aujourd\u2019hui cette d\u00e9coration. C\u2019est un honneur d\u2019\u00eatre reconnu par\u00a0 le minist\u00e8re de l\u2019Agriculture, de l\u2019Agroalimentaire et de la for\u00eat et d\u2019\u00eatre ainsi r\u00e9compens\u00e9. Je voudrais remercier l\u2019AMOMA, \u00e0 travers son Pr\u00e9sident, qui a propos\u00e9 ma nomination. L\u2019an dernier je remettais sa m\u00e9daille [&hellip;]<\/p>\n","protected":false},"author":1,"featured_media":0,"comment_status":"closed","ping_status":"open","sticky":false,"template":"","format":"standard","meta":{"footnotes":""},"categories":[1],"tags":[8,9,10],"_links":{"self":[{"href":"http:\/\/www.jacquesolivier.fr\/index.php?rest_route=\/wp\/v2\/posts\/44"}],"collection":[{"href":"http:\/\/www.jacquesolivier.fr\/index.php?rest_route=\/wp\/v2\/posts"}],"about":[{"href":"http:\/\/www.jacquesolivier.fr\/index.php?rest_route=\/wp\/v2\/types\/post"}],"author":[{"embeddable":true,"href":"http:\/\/www.jacquesolivier.fr\/index.php?rest_route=\/wp\/v2\/users\/1"}],"replies":[{"embeddable":true,"href":"http:\/\/www.jacquesolivier.fr\/index.php?rest_route=%2Fwp%2Fv2%2Fcomments&post=44"}],"version-history":[{"count":11,"href":"http:\/\/www.jacquesolivier.fr\/index.php?rest_route=\/wp\/v2\/posts\/44\/revisions"}],"predecessor-version":[{"id":59,"href":"http:\/\/www.jacquesolivier.fr\/index.php?rest_route=\/wp\/v2\/posts\/44\/revisions\/59"}],"wp:attachment":[{"href":"http:\/\/www.jacquesolivier.fr\/index.php?rest_route=%2Fwp%2Fv2%2Fmedia&parent=44"}],"wp:term":[{"taxonomy":"category","embeddable":true,"href":"http:\/\/www.jacquesolivier.fr\/index.php?rest_route=%2Fwp%2Fv2%2Fcategories&post=44"},{"taxonomy":"post_tag","embeddable":true,"href":"http:\/\/www.jacquesolivier.fr\/index.php?rest_route=%2Fwp%2Fv2%2Ftags&post=44"}],"curies":[{"name":"wp","href":"https:\/\/api.w.org\/{rel}","templated":true}]}}