{"id":62,"date":"2015-07-28T17:41:12","date_gmt":"2015-07-28T16:41:12","guid":{"rendered":"http:\/\/www.jacquesolivier.fr\/?p=62"},"modified":"2016-01-23T19:14:35","modified_gmt":"2016-01-23T18:14:35","slug":"intervention-en-conseil-municipal-du-7-juillet-2015-sur-le-padd-du-plu-le-thor","status":"publish","type":"post","link":"http:\/\/www.jacquesolivier.fr\/?p=62","title":{"rendered":"Intervention en Conseil Municipal du 7 juillet 2015 sur le PADD du PLU Le Thor"},"content":{"rendered":"<p>Je suis intervenu lors du Conseil Municipal du 7 juillet sur le PADD (Projet d&rsquo;Am\u00e9nagement et de D\u00e9veloppement Durables) du PLU (Plan Local d&rsquo;Urbanisme) du Thor en compl\u00e9ment du discours de V\u00e9ronique Agogu\u00e9 Fernaillon.<\/p>\n<p>\u00ab\u00a0Je commencerai par remercier Fanny (du bureau d\u2019\u00e9tude) pour son intervention et pour le fait que ce ne doit pas \u00eatre facile pour elle car effectivement le PADD a bien chang\u00e9 d\u2019orientation depuis l&rsquo;an dernier.<\/p>\n<p>Nous avions eu un premier d\u00e9bat le 14 janvier 2014 sur le PADD. Celui pr\u00e9sent\u00e9 ce soir change d\u2019orientation avec moins de social, moins de terres agricoles et moins de d\u00e9veloppement durable.<\/p>\n<p>Je constate une diminution de l\u2019objectif de production de logements (production d\u2019environ 750 logements suppl\u00e9mentaires \u00e0 l\u2019horizon 2025) pour \u00eatre en concordance avec l\u2019objectif d\u00e9mographique du SCOT.<br \/>\n750, \u00e7a peut paraitre beaucoup mais l\u2019objectif \u00e9tait de 850. Et avec 850 on avait du mal \u00e0 arriver \u00e0 25% de logements sociaux. Alors avec 750, la commune n\u2019arrivera pas \u00e0 l\u2019objectif et les thorois continueront de payer des imp\u00f4ts pour les p\u00e9nalit\u00e9s dues.<\/p>\n<p>Subitement apparait l\u2019ajout d\u2019un objectif de r\u00e9server un espace d\u2019activit\u00e9 en lien avec l\u2019agriculture proche de l\u2019axe Avignon-Apt (RD900), au Hameau des Vign\u00e8res, pour l\u2019accueil d\u2019activit\u00e9s agricoles d\u00e9di\u00e9es \u00e0 la recherche, au conditionnement, \u00e0 l\u2019exp\u00e9dition,\u2026.<br \/>\nBref il s\u2019agit d\u2019une zone d\u2019activit\u00e9 qui fera disparaitre plusieurs hectares de terres fertiles.<br \/>\nCe projet n\u2019a jamais \u00e9t\u00e9 discut\u00e9 dans la commission urbanisme.<\/p>\n<p>Vous pr\u00e9voyez la cr\u00e9ation d\u2019une voie nouvelle Nord\/Sud. Un projet existait il y a plus de 30 ans, il a \u00e9t\u00e9  abandonn\u00e9 par mon pr\u00e9d\u00e9cesseur qui a laiss\u00e9 vendre les terrains. Cette voie serait ch\u00e8re, elle entrainerait une importante perte de foncier agricole et la destruction de site Natura 2000 avec la construction de 2 ou 3 ponts pour enjamber la sorgue. Elle est inutile.<\/p>\n<p>Vous \u00e9crivez que vous ajoutez un objectif de constituer un v\u00e9ritable p\u00f4le d\u2019\u00e9change autour de la gare (gare routi\u00e8re, stationnement automobile et deux roues, cheminements pi\u00e9tons,\u2026).<br \/>\nOr, ce p\u00f4le d\u2019\u00e9change \u00e9tait pr\u00e9vu. Il n\u2019y a pas d\u2019ajout. D\u2019ailleurs la commune r\u00e9pond \u00e0 l\u2019appel \u00e0 projet de la R\u00e9gion concernant les p\u00f4les gares, comme nous l\u2019avions pr\u00e9vu.<\/p>\n<p>Par contre l\u2019\u00e9co quartier, lui, a disparu.<\/p>\n<p>Pour terminer je voudrais rappeler que Pierre Clerc avait fait une intervention pertinente l\u2019an dernier. Je vous engage \u00e0 la relire sur le site de la mairie (compte rendu CM janvier 2014). Elle est encore plus d\u2019actualit\u00e9 aujourd\u2019hui. Mais vos orientations s\u2019en \u00e9loignent fortement.<br \/>\nVotre PADD nous parait d\u2019une autre \u00e9poque, pass\u00e9iste pour le coup, comme dirait M. Mathieu, par manque de vision d\u2019avenir.<br \/>\nPosez-vous la question : que sera votre mode de vie avec un litre d\u2019essence \u00e0 4 euros.<br \/>\nVous verrez que votre PADD ne r\u00e9pond pas \u00e0 la question.\u00a0\u00bb<\/p>\n","protected":false},"excerpt":{"rendered":"<p>Je suis intervenu lors du Conseil Municipal du 7 juillet sur le PADD (Projet d&rsquo;Am\u00e9nagement et de D\u00e9veloppement Durables) du PLU (Plan Local d&rsquo;Urbanisme) du Thor en compl\u00e9ment du discours de V\u00e9ronique Agogu\u00e9 Fernaillon. \u00ab\u00a0Je commencerai par remercier Fanny (du bureau d\u2019\u00e9tude) pour son intervention et pour le fait que ce ne doit pas \u00eatre [&hellip;]<\/p>\n","protected":false},"author":1,"featured_media":0,"comment_status":"closed","ping_status":"open","sticky":false,"template":"","format":"standard","meta":{"footnotes":""},"categories":[12],"tags":[11],"_links":{"self":[{"href":"http:\/\/www.jacquesolivier.fr\/index.php?rest_route=\/wp\/v2\/posts\/62"}],"collection":[{"href":"http:\/\/www.jacquesolivier.fr\/index.php?rest_route=\/wp\/v2\/posts"}],"about":[{"href":"http:\/\/www.jacquesolivier.fr\/index.php?rest_route=\/wp\/v2\/types\/post"}],"author":[{"embeddable":true,"href":"http:\/\/www.jacquesolivier.fr\/index.php?rest_route=\/wp\/v2\/users\/1"}],"replies":[{"embeddable":true,"href":"http:\/\/www.jacquesolivier.fr\/index.php?rest_route=%2Fwp%2Fv2%2Fcomments&post=62"}],"version-history":[{"count":1,"href":"http:\/\/www.jacquesolivier.fr\/index.php?rest_route=\/wp\/v2\/posts\/62\/revisions"}],"predecessor-version":[{"id":63,"href":"http:\/\/www.jacquesolivier.fr\/index.php?rest_route=\/wp\/v2\/posts\/62\/revisions\/63"}],"wp:attachment":[{"href":"http:\/\/www.jacquesolivier.fr\/index.php?rest_route=%2Fwp%2Fv2%2Fmedia&parent=62"}],"wp:term":[{"taxonomy":"category","embeddable":true,"href":"http:\/\/www.jacquesolivier.fr\/index.php?rest_route=%2Fwp%2Fv2%2Fcategories&post=62"},{"taxonomy":"post_tag","embeddable":true,"href":"http:\/\/www.jacquesolivier.fr\/index.php?rest_route=%2Fwp%2Fv2%2Ftags&post=62"}],"curies":[{"name":"wp","href":"https:\/\/api.w.org\/{rel}","templated":true}]}}