{"id":68,"date":"2015-09-19T23:21:41","date_gmt":"2015-09-19T22:21:41","guid":{"rendered":"http:\/\/www.jacquesolivier.fr\/?p=68"},"modified":"2016-01-23T19:14:52","modified_gmt":"2016-01-23T18:14:52","slug":"intervention-en-conseil-municipal-du-15-septembre-2015-sur-la-question-des-migrants","status":"publish","type":"post","link":"http:\/\/www.jacquesolivier.fr\/?p=68","title":{"rendered":"Intervention en Conseil municipal du 15 septembre 2015 sur la question des migrants."},"content":{"rendered":"<p>Pour ne pas mourir de honte, la France ne peut laisser mourir des personnes r\u00e9fugi\u00e9es, notre commune non plus quand des pays plus pauvres que nous font des efforts important actuellement.<\/p>\n<p>De plus il est \u00e9vident qu\u2019on ne demande pas ses papiers, ni sa religion \u00e0 quelqu\u2019un qui se noie : on le sauve d\u2019abord.<\/p>\n<p>C\u2019est pour cela que fid\u00e8le aux valeurs de la r\u00e9publique, \u00e0 la devise de notre pays libert\u00e9 \u00e9galit\u00e9 fraternit\u00e9 mais aussi \u00e0 la morale, aide ton prochain, \u00e0 l\u2019esprit de la r\u00e9volution fran\u00e7aise (tout homme est un citoyen) et tout simplement \u00e0 la tradition fran\u00e7aise d\u2019accueil des r\u00e9fugi\u00e9s, il est tout \u00e0 l\u2019honneur du Thor d\u2019accueillir dans la dignit\u00e9, la tol\u00e9rance, sans discrimination, dans le respect de la loi, des r\u00e9fugi\u00e9s. Et c\u2019est l\u2019occasion de remercier \u00e9galement tous les thorois qui proposent d\u2019accueillir des r\u00e9fugi\u00e9s.<\/p>\n<p>Comme beaucoup de nos concitoyens thorois, certains d\u2019entre nous, ici ce soir autour de cette table, sommes issus de parents r\u00e9fugi\u00e9s : que ce soient des arm\u00e9niens, des italiens, des espagnols ou des boat people asiatiques.<\/p>\n<p>Il est donc naturel que cet accueil se perp\u00e9tue.<br \/>\nL\u2019histoire de l\u2019humanit\u00e9 n\u2019est que l\u2019histoire des migrations, depuis toujours. L\u2019humanit\u00e9 s\u2019est construite de cette fa\u00e7on : par la rencontre des cultures diff\u00e9rents.<\/p>\n<p>Le Conseil r\u00e9gional PACA, seule R\u00e9gion en France \u00e0 ce jour, s\u2019est r\u00e9unie hier en assembl\u00e9e pl\u00e9ni\u00e8re extraordinaire pour affirmer sa solidarit\u00e9 et dire \u00ab nous sommes tous m\u00e9diterran\u00e9ens \u00bb.<br \/>\nUn num\u00e9ro d\u2019appel d\u2019urgence a \u00e9t\u00e9 ouvert : 04 91 57 55 55 chacun peut appeler pour se renseigner.<\/p>\n<p>Une enveloppe de 3 millions d\u2019euros a \u00e9t\u00e9 vot\u00e9 pour conduire l\u2019ensemble des actions qui r\u00e9pondent aux interventions vot\u00e9es notamment soutenir directement ou indirectement dans le cadre de ses comp\u00e9tences, les communes volontaires comme villes refuges.<br \/>\nMais aussi pour interpeller l\u2019Europe sur sa responsabilit\u00e9 notamment en r\u00e9affectant un certain nombre de fonds europ\u00e9ens non engag\u00e9s.<\/p>\n<p>En disant \u00e9galement que les migrations climatiques ont d\u00e9j\u00e0 commenc\u00e9, souvent \u00e0 l\u2019int\u00e9rieur des pays concern\u00e9s, ce qui fait qu\u2019on ne s\u2019en aper\u00e7oit peut \u00eatre pas de l\u2019ext\u00e9rieur. Mais elles vont prendre de l\u2019ampleur. Que ce soit les migrations d\u00fb \u00e0 la submersion des terres ou pour la conqu\u00eate des mati\u00e8res premi\u00e8res dont le p\u00e9trole.<br \/>\nCe qui se passe en Syrie n\u2019est pas une guerre de civilisation.<br \/>\nIl faut donc une politique globale de la part de l\u2019Europe sur ces sujets mais aussi mondial et c\u2019est notamment le r\u00f4le de la COP 21 qui se d\u00e9roulera \u00e0 Paris en d\u00e9cembre.<\/p>\n<p>Pour en revenir au Thor, un seul regret pourtant M le maire, celui que vous n\u2019ayez pas continu\u00e9 de recevoir ici au Thor, comme je l\u2019avais fait, la magnifique manifestation \u00ab c\u2019est pas du luxe \u00bb port\u00e9e par la fondation abb\u00e9 Pierre qui se d\u00e9roulera ce weekend \u00e0 Apt. Cela aurait montr\u00e9 que notre commune, Le Thor, \u00e9tait sensible au d\u00e9nuement, \u00e0 la pr\u00e9carit\u00e9 de tous les hommes, qu\u2019elle refusait toute mis\u00e8re d\u2019o\u00f9 qu\u2019elle vienne : chez nous en France, ou ailleurs de par le monde. Quand quelqu\u2019un souffre, il faut l\u2019aider.<\/p>\n<p>Du coup votre solidarit\u00e9 s\u2019en trouve bancale, pas vraiment universelle.<\/p>\n","protected":false},"excerpt":{"rendered":"<p>Pour ne pas mourir de honte, la France ne peut laisser mourir des personnes r\u00e9fugi\u00e9es, notre commune non plus quand des pays plus pauvres que nous font des efforts important actuellement. De plus il est \u00e9vident qu\u2019on ne demande pas ses papiers, ni sa religion \u00e0 quelqu\u2019un qui se noie : on le sauve d\u2019abord. [&hellip;]<\/p>\n","protected":false},"author":1,"featured_media":0,"comment_status":"closed","ping_status":"open","sticky":false,"template":"","format":"standard","meta":{"footnotes":""},"categories":[12],"tags":[],"_links":{"self":[{"href":"http:\/\/www.jacquesolivier.fr\/index.php?rest_route=\/wp\/v2\/posts\/68"}],"collection":[{"href":"http:\/\/www.jacquesolivier.fr\/index.php?rest_route=\/wp\/v2\/posts"}],"about":[{"href":"http:\/\/www.jacquesolivier.fr\/index.php?rest_route=\/wp\/v2\/types\/post"}],"author":[{"embeddable":true,"href":"http:\/\/www.jacquesolivier.fr\/index.php?rest_route=\/wp\/v2\/users\/1"}],"replies":[{"embeddable":true,"href":"http:\/\/www.jacquesolivier.fr\/index.php?rest_route=%2Fwp%2Fv2%2Fcomments&post=68"}],"version-history":[{"count":2,"href":"http:\/\/www.jacquesolivier.fr\/index.php?rest_route=\/wp\/v2\/posts\/68\/revisions"}],"predecessor-version":[{"id":70,"href":"http:\/\/www.jacquesolivier.fr\/index.php?rest_route=\/wp\/v2\/posts\/68\/revisions\/70"}],"wp:attachment":[{"href":"http:\/\/www.jacquesolivier.fr\/index.php?rest_route=%2Fwp%2Fv2%2Fmedia&parent=68"}],"wp:term":[{"taxonomy":"category","embeddable":true,"href":"http:\/\/www.jacquesolivier.fr\/index.php?rest_route=%2Fwp%2Fv2%2Fcategories&post=68"},{"taxonomy":"post_tag","embeddable":true,"href":"http:\/\/www.jacquesolivier.fr\/index.php?rest_route=%2Fwp%2Fv2%2Ftags&post=68"}],"curies":[{"name":"wp","href":"https:\/\/api.w.org\/{rel}","templated":true}]}}