{"id":71,"date":"2015-10-22T14:29:38","date_gmt":"2015-10-22T13:29:38","guid":{"rendered":"http:\/\/www.jacquesolivier.fr\/?p=71"},"modified":"2016-01-23T19:15:13","modified_gmt":"2016-01-23T18:15:13","slug":"mes-commentaires-aux-reponses-de-monsieur-le-maire-suite-aux-questions-posees-par-les-elus-du-groupe-dynamique-et-solidaire-lors-du-conseil-municipal-du-15-septembre-2015","status":"publish","type":"post","link":"http:\/\/www.jacquesolivier.fr\/?p=71","title":{"rendered":"Mes commentaires aux r\u00e9ponses de Monsieur le Maire suite aux questions pos\u00e9es par les \u00e9lus du groupe Dynamique et Solidaire lors du Conseil municipal du 15 septembre 2015."},"content":{"rendered":"<h1><\/h1>\n<p><strong>Question n\u00b01 :<br \/>\n<\/strong>Le soir du 13 juillet, le bal a eu lieu place du fer \u00e0 cheval loin des bars et des commerces alors qu\u2019il y a une piste de danse place du 8 mai et du 11 novembre.<br \/>\nDu coup les deux bars et la pizz\u00e9ria ont baiss\u00e9 leur rideau en signe de protestation.<br \/>\nPar ailleurs la Pr\u00e9sidente du Comit\u00e9 des f\u00eates a d\u00e9missionn\u00e9.<br \/>\nM le maire, voyez-vous un rapport de cause \u00e0 effet entre ces \u00e9v\u00e9nements ?<\/p>\n<p><strong>R\u00e9ponse de Monsieur le Maire :<\/strong><br \/>\nLa pr\u00e9sidente du Comit\u00e9 des f\u00eates d\u00e9missionnaire a pris soin de donner par \u00e9crit les raisons de sa d\u00e9mission. Elle a eu l\u2019opportunit\u00e9 de prendre un emploi \u00e0 temps plein qui n\u00e9cessitait un investissement incompatible avec une fonction de pr\u00e9sidente du Comit\u00e9 des F\u00eates<\/p>\n<p><strong>Commentaire :<\/strong><br \/>\nMadame la Pr\u00e9sidente a eu l\u2019opportunit\u00e9 de prendre un emploi \u00e0 temps plein, nous sommes sinc\u00e8rement heureux pour elle.<br \/>\nMais \u00e0 ce jour (18 octobre 2015), M. le vice-pr\u00e9sident, Mme la secr\u00e9taire et Mme la tr\u00e9sori\u00e8re ont, eux aussi d\u00e9missionn\u00e9, soit 4 membres du bureau sur 5 !<br \/>\n\u00c7a fait beaucoup. Il doit y avoir une cause \u00e0 effet entre l\u2019autoritarisme, le dirigisme du maire et de certains \u00e9lus et ces d\u00e9missions.<br \/>\nDe plus, lors d\u2019une Assembl\u00e9e G\u00e9n\u00e9rale, une nouvelle pr\u00e9sidente a \u00e9t\u00e9 \u00e9lue ainsi qu\u2019une secr\u00e9taire. Las, cette \u00e9lection est fortement contest\u00e9e.<br \/>\nIl semble \u00e9vident que M. le maire qui avait dit d\u2019entr\u00e9e son aversion pour la d\u00e9mocratie participative pr\u00e9f\u00e8re la mani\u00e8re forte et le passage en force. Enfin, comme dit Charles Rostang sur le site du Comit\u00e9 des f\u00eates \u00ab Ambiance thoroise \u00bb : \u00ab Je suis tr\u00e8s content de voir rena\u00eetre un comit\u00e9 des f\u00eates dynamique qui va redonner une vie active et une nouvelle image de notre village. Bon courage \u00e0 tous les b\u00e9n\u00e9voles. \u00bb.<br \/>\nEffectivement, du courage, il en faut. Quelle ambiance !<\/p>\n<p><strong>Question n\u00b0 2 :<\/strong><br \/>\nLa rentr\u00e9e a eu lieu et les activit\u00e9s p\u00e9riscolaires vont reprendre. Lors de la pr\u00e9c\u00e9dente ann\u00e9e scolaire, vous vous \u00e9tiez engag\u00e9 \u00e0 ce qu&rsquo;il y ait une rotation des plages consacr\u00e9es aux TAP entre les trois \u00e9coles ; cela n&rsquo;a pas \u00e9t\u00e9 le cas ! Qu\u2019en sera-t-il cette ann\u00e9e ?<\/p>\n<p><strong>R\u00e9ponse de Monsieur le Maire :<\/strong><br \/>\nLes activit\u00e9s p\u00e9riscolaires ont repris depuis 10 jours maintenant. En 2014, nous nous sommes engag\u00e9s \u00e0 r\u00e9aliser une consultation des \u00e9coles sur l\u2019aspect de la rotation des plages hebdomadaires des TAP. Ceci a \u00e9t\u00e9 r\u00e9alis\u00e9 d\u00e9mocratiquement, et par un vote dans chaque conseil de classe, courant du second trimestre. De fa\u00e7on majoritaire, les \u00e9coles ont retenu un non changement pour 2015\/2016. Nous avons tenu \u00e0 respecter ce vote.<\/p>\n<p><strong>Commentaire :<\/strong><br \/>\nQu&rsquo;en pensent r\u00e9ellement les parents d\u2019\u00e9l\u00e8ves ?<\/p>\n<p><strong>Question n\u00b0 3 :<\/strong><br \/>\nLe tr\u00e8s gros orage du 23 ao\u00fbt a provoqu\u00e9 une inondation impressionnante de la chauss\u00e9e sous le tunnel ferroviaire de la route de Cavaillon dont les cons\u00e9quences auraient pu s&rsquo;av\u00e9rer dramatiques : pourquoi les pompes n&rsquo;ont-elles pas \u00e9t\u00e9 activ\u00e9es ?<\/p>\n<p><strong>R\u00e9ponses de Monsieur le Maire :<\/strong><br \/>\nIl convient de rappeler que lors du gros orage du 23 ao\u00fbt dernier, il est tomb\u00e9 sur notre commune plus de 90 mm d\u2019eau en moins de 90 minutes. Il s\u2019agit d\u2019un ph\u00e9nom\u00e8ne tout \u00e0 fait exceptionnel.<br \/>\nDurant plus de trois heures, l\u2019\u00e9lectricit\u00e9 d\u2019une dizaine de communes aux alentours a \u00e9t\u00e9 coup\u00e9e. Ceci a eu pour cons\u00e9quence un arr\u00eat des pompes de relevage qui fonctionnaient, et donc a cr\u00e9\u00e9 une accumulation d\u2019eau sous le tunnel du chemin de fer, route de Cavaillon. Les pompes de relevage ne sont pas asservies \u00e0 un groupe \u00e9lectrog\u00e8ne, et nous n\u2019envisageons pas de le faire.<\/p>\n<p><strong>Question n\u00b0 4 :<\/strong><br \/>\nNous n&rsquo;entendons plus parler du projet d\u2019extension de l\u2019EHPAD de notre commune, comprenant une unit\u00e9 Alzheimer. Celui-ci serait-il abandonn\u00e9 ?<br \/>\nLors du mandat pr\u00e9c\u00e9dent, ce projet tenait \u00e0 coeur \u00e0 Mme BIHEL. Elle n\u2019avait jamais de mots assez durs pour d\u00e9noncer les lenteurs de l\u2019op\u00e9ration qui aura demand\u00e9e au directeur de l\u2019\u00e9poque des mois de travail.<br \/>\nNous souhaiterions, Monsieur le maire, que vous nous pr\u00e9sentiez les initiatives que vous avez prises depuis avril 2014 pour faire avancer ce tr\u00e8s important dossier de l&rsquo;EHPAD.<\/p>\n<p><strong>R\u00e9ponses de Monsieur le Maire :<\/strong><br \/>\nLe projet d\u2019extension de l\u2019EHPAD, dont vous parlez, n\u2019a pas pu voir le jour durant toute votre pr\u00e9sidence de l\u2019\u00e9tablissement. C\u2019est donc \u00e0 tr\u00e8s juste titre que Mme BIHEL a d\u00e9nonc\u00e9 les lenteurs de ce dossier. Le non aboutissement de ce projet fut li\u00e9 \u00e0 son incoh\u00e9rence :<br \/>\n&#8211; En terme de dimensionnement (beaucoup trop important et limite gigantesque).<br \/>\n&#8211; En termes financiers puisque plus de 7 millions d\u2019euros auraient \u00e9t\u00e9 n\u00e9cessaires pour le mener \u00e0 bien.<br \/>\n&#8211; En termes d\u2019incidences sur le prix de journ\u00e9e des pensionnaires.<\/p>\n<p>L\u2019Agence r\u00e9gionale de la sant\u00e9 et le Conseil g\u00e9n\u00e9ral ont clairement indiqu\u00e9 leur opposition \u00e0 ce projet. Le projet de l\u2019unit\u00e9 Alzheimer n\u2019a donc pas abouti, ce qui est regrettable.<br \/>\nL\u2019EHPAD a connu, de plus, une absence de directeur durant 6 mois en 2014.<br \/>\nDepuis la nomination du nouveau directeur, en fin d\u2019ann\u00e9e 2014, nous avons revu compl\u00e8tement le projet de l\u2019\u00e9tablissement. Deux audits (internes et externes) ont \u00e9t\u00e9 r\u00e9alis\u00e9s et un nouveau projet d\u2019\u00e9tablissement est en cours de finalisation afin de redonner une dynamique \u00e0 notre maison de retraite. Le conseil d\u2019administration, tenue en juin dernier, a valid\u00e9 ces projets.<br \/>\nL\u2019unit\u00e9 Alzheimer verra le jour courant d\u00e9cembre de cette ann\u00e9e 2015, au premier \u00e9tage de l\u2019\u00e9tablissement par une r\u00e9affectation des espaces. Les personnels affect\u00e9s \u00e0 cette unit\u00e9 sont en cours de formation.<br \/>\nVotre question me donne l\u2019occasion de louer le travail de l\u2019\u00e9quipe d\u2019encadrement sous la direction de Dominique CHARLIER avec qui nous travaillons en \u00e9troite collaboration et dans un climat de confiance.<\/p>\n<p><strong>Commentaire :<\/strong><br \/>\nTous ceux qui ont travaill\u00e9 longuement sur le projet d\u2019extension appr\u00e9cieront de savoir que leur projet \u00e9tait \u00ab limite gigantesque \u00bb. Du coup, l\u2019EHPAD du Thor qui avait perdu 40 lits suite \u00e0 la fermeture du foyer logement, pour des raisons de s\u00e9curit\u00e9, ne les retrouvera pas. Avec le projet d\u00e9fendu par Monsieur le Maire, notre EHPAD, d&rsquo;une part, ne pourra pas proposer un service avec un suivi m\u00e9dical plus important, d&rsquo;autre part ne cr\u00e9era pas d&#8217;emplois suppl\u00e9mentaires sur notre commune.<\/p>\n<p><strong>Question n\u00b0 5 :<\/strong><br \/>\nLes Thorois le disent et vous l\u2019\u00e9crivent : le centre-ville du Thor n\u2019est plus nettoy\u00e9 r\u00e9guli\u00e8rement comme il l\u2019\u00e9tait auparavant. Vous avez fait campagne sur la propret\u00e9 de la ville mais il semblerait que les m\u00e9thodes que vous utilisez soient peu efficaces. Quelles mesures comptez-vous prendre pour mettre un terme \u00e0 cette situation ?<\/p>\n<p><strong>R\u00e9ponses de Monsieur le Maire :<\/strong><br \/>\nLa question du nettoyage des rues de notre commune est assez r\u00e9currente. Certains se souviennent des probl\u00e8mes rencontr\u00e9s et non solutionn\u00e9s il y a quelques ann\u00e9es.<br \/>\nConscients des besoins, nous avons d\u00e9cid\u00e9 de recruter un encadrant du service voirie qui a \u00e9t\u00e9 s\u00e9lectionn\u00e9 et sera op\u00e9rationnel courant octobre 2015. La mission premi\u00e8re de cet encadrant sera effectivement de revoir les m\u00e9thodes qui sont en place depuis plusieurs ann\u00e9es et qu\u2019il convient de modifier.<\/p>\n<p><strong>Commentaire :<\/strong><br \/>\nIl y a quelques ann\u00e9es, les rues du Thor \u00e9taient propres. Des moyens cons\u00e9quents avaient \u00e9t\u00e9 d\u00e9ploy\u00e9s afin d\u2019assurer un nettoyage r\u00e9gulier des rues de notre commune et notamment du centre-ville. Il semble que ce ne soit plus le cas.<\/p>\n","protected":false},"excerpt":{"rendered":"<p>Question n\u00b01 : Le soir du 13 juillet, le bal a eu lieu place du fer \u00e0 cheval loin des bars et des commerces alors qu\u2019il y a une piste de danse place du 8 mai et du 11 novembre. Du coup les deux bars et la pizz\u00e9ria ont baiss\u00e9 leur rideau en signe de [&hellip;]<\/p>\n","protected":false},"author":1,"featured_media":0,"comment_status":"closed","ping_status":"open","sticky":false,"template":"","format":"standard","meta":{"footnotes":""},"categories":[12],"tags":[],"_links":{"self":[{"href":"http:\/\/www.jacquesolivier.fr\/index.php?rest_route=\/wp\/v2\/posts\/71"}],"collection":[{"href":"http:\/\/www.jacquesolivier.fr\/index.php?rest_route=\/wp\/v2\/posts"}],"about":[{"href":"http:\/\/www.jacquesolivier.fr\/index.php?rest_route=\/wp\/v2\/types\/post"}],"author":[{"embeddable":true,"href":"http:\/\/www.jacquesolivier.fr\/index.php?rest_route=\/wp\/v2\/users\/1"}],"replies":[{"embeddable":true,"href":"http:\/\/www.jacquesolivier.fr\/index.php?rest_route=%2Fwp%2Fv2%2Fcomments&post=71"}],"version-history":[{"count":2,"href":"http:\/\/www.jacquesolivier.fr\/index.php?rest_route=\/wp\/v2\/posts\/71\/revisions"}],"predecessor-version":[{"id":75,"href":"http:\/\/www.jacquesolivier.fr\/index.php?rest_route=\/wp\/v2\/posts\/71\/revisions\/75"}],"wp:attachment":[{"href":"http:\/\/www.jacquesolivier.fr\/index.php?rest_route=%2Fwp%2Fv2%2Fmedia&parent=71"}],"wp:term":[{"taxonomy":"category","embeddable":true,"href":"http:\/\/www.jacquesolivier.fr\/index.php?rest_route=%2Fwp%2Fv2%2Fcategories&post=71"},{"taxonomy":"post_tag","embeddable":true,"href":"http:\/\/www.jacquesolivier.fr\/index.php?rest_route=%2Fwp%2Fv2%2Ftags&post=71"}],"curies":[{"name":"wp","href":"https:\/\/api.w.org\/{rel}","templated":true}]}}