{"id":80,"date":"2015-12-26T18:18:24","date_gmt":"2015-12-26T17:18:24","guid":{"rendered":"http:\/\/www.jacquesolivier.fr\/?p=80"},"modified":"2016-01-23T19:10:43","modified_gmt":"2016-01-23T18:10:43","slug":"mon-intervention-lors-du-debat-dorientation-budgetaire-2016","status":"publish","type":"post","link":"http:\/\/www.jacquesolivier.fr\/?p=80","title":{"rendered":"Mon intervention lors du D\u00e9bat d&rsquo;Orientation Budg\u00e9taire 2016"},"content":{"rendered":"<p>M. le maire,<\/p>\n<p style=\"text-align: justify;\">L\u2019an dernier lors du DOB 2015, je terminai mon propos par ces mots\u00a0:<\/p>\n<p style=\"text-align: justify;\">\u00ab\u00a0Oui, en conclusion, au Thor, les plus d\u00e9munis et les agents vont payer votre politique et vous allez endetter Le Thor.<\/p>\n<p style=\"text-align: justify;\">Il s\u2019agit bien l\u00e0 d\u2019orientations clairement anti sociales.\u00a0\u00bb<\/p>\n<p style=\"text-align: justify;\">Les orientations budg\u00e9taires que vous nous pr\u00e9sentez \u00e0 travers ce d\u00e9bat d\u00e9montrent mes propos de l\u2019an dernier.<\/p>\n<p style=\"text-align: justify;\">Vous vous \u00eates engag\u00e9 \u00e0 ne pas augmenter les imp\u00f4ts, ce que vous faites pour le moment, en contrepartie vous augmentez les tarifs.<\/p>\n<p style=\"text-align: justify;\">Au lieu de la solidarit\u00e9 citoyenne et communale, au lieu d\u2019un d\u00e9veloppement et d\u2019une am\u00e9lioration des services publics, vous pr\u00e9f\u00e9rez faire payer les services aux thoroises et thorois et notamment aux familles, \u00e0 ceux qui ont des enfants, bref aux m\u00e9nages les plus fragiles et les plus d\u00e9munis qui n\u2019auront d\u2019autres choix pour certain d\u2019enlever leur enfant de la cantine ou de ne pas les envoyer dans un accueil collectif ou un accueil jeunes.<\/p>\n<p style=\"text-align: justify;\">Nous avons compris que c\u2019est ce que vous voulez quand vous dites avec un certain cynisme\u00a0: <em>Un meilleur ajustement des prix permettra de mieux valoriser les prestations de la commune, d\u2019augmenter marginalement nos recettes et de r\u00e9guler une demande parfois trop forte.<\/em><\/p>\n<p style=\"text-align: justify;\">Il se peut qu\u2019un jour non seulement vous fassiez payer au prix forts tous les services de la commune, mais que vous augmentiez aussi les imp\u00f4ts \u00e0 moins que vous ne sacrifiiez des pans entiers de la solidarit\u00e9 communale \u00e0 travers la disparition des services publics.<\/p>\n<p style=\"text-align: justify;\">Cette politique \u00e0 un nom, c\u2019est du n\u00e9olib\u00e9ralisme et c\u2019est le contraire de la solidarit\u00e9.<\/p>\n<p style=\"text-align: justify;\">Si on analyse en d\u00e9tail votre document on se rend compte que vous annoncez beaucoup en disant que <em>le freinage de la progression des d\u00e9penses sera d\u00e9pendant de r\u00e9formes et d\u2019une rationalisation des structures de fonctionnement des services communaux.<\/em><\/p>\n<p style=\"text-align: justify;\">Mais la suite de la lecture de votre document montre que vous n\u2019\u00eates pas \u00e0 la hauteur de cette d\u00e9claration.<\/p>\n<p style=\"text-align: justify;\">Nous comprenons bien que le personnel va supporter des charges de travail importantes qui auront des cons\u00e9quences sur le service public \u00e0 la population.<\/p>\n<p style=\"text-align: justify;\">Mais finalement en conclusion du chapitre 1, vous rappelez l\u2019objectif initial en \u00e9crivant\u00a0: <em>Les ambitions en termes de programme ne peuvent qu\u2019\u00eatre adoss\u00e9es \u00e0 une r\u00e9novation indispensable de la gestion communale<\/em>.<\/p>\n<p style=\"text-align: justify;\">Il s\u2019agit l\u00e0 d\u2019un principe de communication bien connu.<\/p>\n<p style=\"text-align: justify;\">Mais en vrai, concr\u00e8tement, cela veut dire quoi\u00a0?<\/p>\n<p style=\"text-align: justify;\">Qu\u2019allez-vous enlever\u00a0?<\/p>\n<p style=\"text-align: justify;\">Car ce que vous annoncez comme maitrise des d\u00e9penses de fonctionnement ne suffit pas, si on se place dans votre logique.<\/p>\n<p style=\"text-align: justify;\">Alors quoi\u00a0?<\/p>\n<p style=\"text-align: justify;\">Plus pr\u00e9cis\u00e9ment concernant les associations, elles appr\u00e9cieront de voir leur subvention diminu\u00e9 de 10 % pour participer de leur plein gr\u00e9 au redressement des comptes de la commune, ce que vous dites dans la DM4 que nous venons de d\u00e9battre\u00a0: <em>plusieurs associations, conscientes de la situation financi\u00e8re, ont d\u00e9cid\u00e9 de ne pas solliciter de subvention de fonctionnement cette ann\u00e9e<\/em>.<\/p>\n<p style=\"text-align: justify;\">Vous nous direz lesquelles\u00a0?<\/p>\n<p style=\"text-align: justify;\">Je vois d\u2019ailleurs dans l\u2019assistance des pr\u00e9sidents d\u2019associations certainement volontaires pour une baisse de la subvention de leur association. Les volontaires n\u2019ont qu\u2019\u00e0 lever le bras.<\/p>\n<p style=\"text-align: justify;\">Concernant le syndicat mixte de gestion de l\u2019\u00e9cole d\u00e9partementale de musique et de danse du Thor, (nous avons pos\u00e9 une question orale \u00e0 ce sujet mais on peut en parler maintenant), quel est son avenir\u00a0?<\/p>\n<p style=\"text-align: justify;\">D\u2019autant qu\u2019il semblerait que les financements du CD soient remis en cause.<\/p>\n<p style=\"text-align: justify;\">On se f\u00e9licite que les r\u00e9serves engrang\u00e9es dans le mandat pr\u00e9c\u00e9dent permettent de baisser un peu la subvention du CCAS\u00a0: esp\u00e9rons que cela suffise.<\/p>\n<p style=\"text-align: justify;\">Concernant la relance de l\u2019investissement, l\u00e0 aussi vous en parlez beaucoup mais nous ne voyons rien venir.<\/p>\n<p style=\"text-align: justify;\">Vous dites\u00a0: Ceci a permis d\u2019engager, outres les travaux habituels, de grands travaux qui se poursuivront en 2016 \u00e0 savoir :<\/p>\n<p style=\"text-align: justify;\">&#8211; la r\u00e9novation du beffroi (350 000 \u20ac),<\/p>\n<p style=\"text-align: justify;\">&#8211; le d\u00e9m\u00e9nagement du Centre Communal d\u2019Action Sociale,<\/p>\n<p style=\"text-align: justify;\">&#8211; la cr\u00e9ation d\u2019un City Park comprenant un Skate Park mais \u00e9galement des \u00e9quipements d\u2019athl\u00e9tisme,<\/p>\n<p style=\"text-align: justify;\">&#8211; et la r\u00e9novation extension de la cr\u00e8che L\u2019Arlequine.<\/p>\n<p style=\"text-align: justify;\">Mais \u00e0 ce jour, lesquels ont commenc\u00e9\u00a0? Les \u00e9tudes oui, mais les travaux\u00a0? Dites-nous\u00a0?&#8230;<\/p>\n<p style=\"text-align: justify;\">Vous nous dites aussi que La municipalit\u00e9 souhaite \u00e9galement engager en 2016 une v\u00e9ritable r\u00e9flexion sur le r\u00e9am\u00e9nagement du centre-ville avec plusieurs secteurs : la rue de la R\u00e9publique, les places (du fer \u00e0 cheval jusqu\u2019au chasselas), le centre ancien et le p\u00f4le gare.<\/p>\n<p style=\"text-align: justify;\">Pourtant une longue r\u00e9flexion a \u00e9t\u00e9 men\u00e9e dans le mandat pr\u00e9c\u00e9dent sur ce sujet, inscrit dans le PAS R\u00e9gion.<\/p>\n<p style=\"text-align: justify;\">Pour ne pas avoir poursuivi ce projet la commune a perdu beaucoup de temps et de subvention qu\u2019elle ne retrouvera pas de sit\u00f4t.<\/p>\n<p style=\"text-align: justify;\">Nous verrons donc bien lors du compte administratif, toutes choses \u00e9gales par ailleurs, \u00e0 quel niveau les r\u00e9alisations effectives, qui comme vous le dites, devraient d\u00e9passer en ex\u00e9cution au moins les 2 M d\u2019euros, seront r\u00e9ellement.<\/p>\n<p style=\"text-align: justify;\">Car effectivement le financement des travaux devra en premier lieu \u00eatre apport\u00e9 par les ressources propres de la commune. Oui, mais pour 2016 et les ann\u00e9es ult\u00e9rieures, la capacit\u00e9 \u00e0 d\u00e9gager un exc\u00e9dent des recettes de fonctionnement sur les d\u00e9penses de fonctionnement sera probl\u00e9matique. Toutefois, cet exc\u00e9dent est le seul levier permettant l\u2019acc\u00e8s \u00e0 l\u2019emprunt.<\/p>\n<p style=\"text-align: justify;\">Ce qui nous ram\u00e8ne \u00e0 vos grandes d\u00e9clarations du d\u00e9but\u00a0:<\/p>\n<p style=\"text-align: justify;\">Dites-nous quelle r\u00e9novation indispensable de la gestion communale nous proposez-vous\u00a0?<\/p>\n<p style=\"text-align: justify;\">La liquidation des services publics\u00a0pour tous\u00a0par exemple\u00a0?<\/p>\n<p style=\"text-align: justify;\">C\u2019est \u00e7a qui aurait \u00e9t\u00e9 int\u00e9ressant de lire dans un d\u00e9bat d\u2019orientations budg\u00e9taires.<\/p>\n<p style=\"text-align: justify;\">Las, vous n\u2019en dites rien.<\/p>\n<p style=\"text-align: justify;\">\n","protected":false},"excerpt":{"rendered":"<p>M. le maire, L\u2019an dernier lors du DOB 2015, je terminai mon propos par ces mots\u00a0: \u00ab\u00a0Oui, en conclusion, au Thor, les plus d\u00e9munis et les agents vont payer votre politique et vous allez endetter Le Thor. Il s\u2019agit bien l\u00e0 d\u2019orientations clairement anti sociales.\u00a0\u00bb Les orientations budg\u00e9taires que vous nous pr\u00e9sentez \u00e0 travers ce [&hellip;]<\/p>\n","protected":false},"author":1,"featured_media":0,"comment_status":"closed","ping_status":"open","sticky":false,"template":"","format":"standard","meta":{"footnotes":""},"categories":[12],"tags":[],"_links":{"self":[{"href":"http:\/\/www.jacquesolivier.fr\/index.php?rest_route=\/wp\/v2\/posts\/80"}],"collection":[{"href":"http:\/\/www.jacquesolivier.fr\/index.php?rest_route=\/wp\/v2\/posts"}],"about":[{"href":"http:\/\/www.jacquesolivier.fr\/index.php?rest_route=\/wp\/v2\/types\/post"}],"author":[{"embeddable":true,"href":"http:\/\/www.jacquesolivier.fr\/index.php?rest_route=\/wp\/v2\/users\/1"}],"replies":[{"embeddable":true,"href":"http:\/\/www.jacquesolivier.fr\/index.php?rest_route=%2Fwp%2Fv2%2Fcomments&post=80"}],"version-history":[{"count":1,"href":"http:\/\/www.jacquesolivier.fr\/index.php?rest_route=\/wp\/v2\/posts\/80\/revisions"}],"predecessor-version":[{"id":81,"href":"http:\/\/www.jacquesolivier.fr\/index.php?rest_route=\/wp\/v2\/posts\/80\/revisions\/81"}],"wp:attachment":[{"href":"http:\/\/www.jacquesolivier.fr\/index.php?rest_route=%2Fwp%2Fv2%2Fmedia&parent=80"}],"wp:term":[{"taxonomy":"category","embeddable":true,"href":"http:\/\/www.jacquesolivier.fr\/index.php?rest_route=%2Fwp%2Fv2%2Fcategories&post=80"},{"taxonomy":"post_tag","embeddable":true,"href":"http:\/\/www.jacquesolivier.fr\/index.php?rest_route=%2Fwp%2Fv2%2Ftags&post=80"}],"curies":[{"name":"wp","href":"https:\/\/api.w.org\/{rel}","templated":true}]}}