{"id":84,"date":"2015-12-26T18:24:51","date_gmt":"2015-12-26T17:24:51","guid":{"rendered":"http:\/\/www.jacquesolivier.fr\/?p=84"},"modified":"2016-01-23T19:09:46","modified_gmt":"2016-01-23T18:09:46","slug":"discours-lors-de-ma-demission-du-conseil-municipal-le-15-decembre-2015","status":"publish","type":"post","link":"http:\/\/www.jacquesolivier.fr\/?p=84","title":{"rendered":"Discours lors de ma d\u00e9mission du Conseil municipal le 15 d\u00e9cembre 2015"},"content":{"rendered":"<p>M le maire,<\/p>\n<p>Mmes, Mrs les \u00e9lus,<\/p>\n<p>Mmes, Mrs,<\/p>\n<p>J\u2019avais annonc\u00e9 \u00e0 mon groupe et \u00e0 quelques personnes que je d\u00e9missionnerai apr\u00e8s les \u00e9lections r\u00e9gionales et le Conseil Municipal de d\u00e9cembre.<\/p>\n<p>Je vous informe donc que je d\u00e9missionne du Conseil Municipal et du conseil communautaire de la Communaut\u00e9 de Commune Pays des Sorgues Monts de Vaucluse \u00e0 la date du 17 d\u00e9cembre qui est\u00a0 la date de fin de mandat \u00e0 la R\u00e9gion\u2026et hasard de calendrier&#8230; 22, 5 ans apr\u00e8s mon premier conseil municipal.<\/p>\n<p>Apr\u00e8s 22 ans et demi ininterrompus de mandat, apr\u00e8s avoir assur\u00e9 un temps de transition, il me semble sage de me retirer et de laisser la place au suivant de liste, fier du devoir accompli pendant toutes ces ann\u00e9es\u2026<\/p>\n<p>Je continuerai de suivre ce qui se passe dans notre commune et de soutenir le groupe Dynamique et solidaire.<\/p>\n<p>En l\u2019occasion de cette d\u00e9mission du CM, je voudrais saluer les \u00e9lus et remercier les agents avec qui j\u2019ai travaill\u00e9 toutes ces ann\u00e9es.<\/p>\n<p>Et dire \u00e0 tous que les enjeux des prochaines ann\u00e9es sont \u00e9normes.<\/p>\n<p>Affirmer, comme certains le font de fa\u00e7on irresponsable, qu\u2019on peut affronter un monde boulevers\u00e9 en restant repli\u00e9 sur soi, sur son pass\u00e9, ses pr\u00e9jug\u00e9s et le rejet de l\u2019autre est pire que mentir\u00a0: c\u2019est trahir.<\/p>\n<p>En vivant \u00e0 court terme, en fondant notre d\u00e9veloppement sur l\u2019exploitation \u00e0 outrance de mati\u00e8res premi\u00e8res dont nous privons les g\u00e9n\u00e9rations futures, sur le massacre de la faune et de la flore, en polluant l\u2019atmosph\u00e8re, en d\u00e9r\u00e9glant le climat, en misant prioritairement sur une \u00e9nergie et des armes nucl\u00e9aires de plus en plus difficiles \u00e0 contr\u00f4ler, en instaurant l\u2019espionnage g\u00e9n\u00e9ralis\u00e9 via internet, nous nous mettons en grand danger.<\/p>\n<p>Nous devons \u00e9galement accepter le fait que la croissance se heurte \u00e0 des limites physiques, les ressources de la plan\u00e8te connaissent leur finitude, et que donc un retour \u00e0 la croissance que l\u2019on a connu n\u2019est ni possible et encore moins souhaitable.<\/p>\n<p>Nous devons en tirer les cons\u00e9quences et construire de nouveaux mod\u00e8les durables, \u00e0 la fois locaux, et r\u00e9silients. Vivre mieux et non moins bien, de mani\u00e8re plus sobre, plus durable, plus respectueuse, plus heureuse aussi.<\/p>\n<p>Au moment o\u00f9 la COP 21 vient de se terminer sur un accord \u00e0 minima, je suis certain que le changement climatique demande un changement de soci\u00e9t\u00e9\u00a0: on n\u2019en fera pas l\u2019\u00e9conomie.<\/p>\n<p>D\u2019o\u00f9 l\u2019importance du projet pour notre commune, d\u2019o\u00f9 l\u2019importance de l\u2019engagement des citoyens\u00a0: cela passe par plus de d\u00e9mocratie, par plus de service public, par plus de solidarit\u00e9, par le respect des trois termes de notre devise, lesquels sont ins\u00e9parables : libert\u00e9, \u00e9galit\u00e9, fraternit\u00e9 mais aussi par la la\u00efcit\u00e9\u2026<\/p>\n<p>Face au pessimisme ambiant, qui sert ceux qui ont int\u00e9r\u00eat \u00e0 ce que rien ne change, empruntons un autre chemin\u00a0: celui de l\u2019esp\u00e9rance.<\/p>\n<p>Bonne continuation \u00e0 vous tous pour le bien de tous nos concitoyens.<\/p>\n<p>Et bonnes f\u00eates de fin d\u2019ann\u00e9e.<\/p>\n<p>&nbsp;<\/p>\n","protected":false},"excerpt":{"rendered":"<p>M le maire, Mmes, Mrs les \u00e9lus, Mmes, Mrs, J\u2019avais annonc\u00e9 \u00e0 mon groupe et \u00e0 quelques personnes que je d\u00e9missionnerai apr\u00e8s les \u00e9lections r\u00e9gionales et le Conseil Municipal de d\u00e9cembre. Je vous informe donc que je d\u00e9missionne du Conseil Municipal et du conseil communautaire de la Communaut\u00e9 de Commune Pays des Sorgues Monts de [&hellip;]<\/p>\n","protected":false},"author":1,"featured_media":0,"comment_status":"closed","ping_status":"open","sticky":false,"template":"","format":"standard","meta":{"footnotes":""},"categories":[12],"tags":[],"_links":{"self":[{"href":"http:\/\/www.jacquesolivier.fr\/index.php?rest_route=\/wp\/v2\/posts\/84"}],"collection":[{"href":"http:\/\/www.jacquesolivier.fr\/index.php?rest_route=\/wp\/v2\/posts"}],"about":[{"href":"http:\/\/www.jacquesolivier.fr\/index.php?rest_route=\/wp\/v2\/types\/post"}],"author":[{"embeddable":true,"href":"http:\/\/www.jacquesolivier.fr\/index.php?rest_route=\/wp\/v2\/users\/1"}],"replies":[{"embeddable":true,"href":"http:\/\/www.jacquesolivier.fr\/index.php?rest_route=%2Fwp%2Fv2%2Fcomments&post=84"}],"version-history":[{"count":3,"href":"http:\/\/www.jacquesolivier.fr\/index.php?rest_route=\/wp\/v2\/posts\/84\/revisions"}],"predecessor-version":[{"id":87,"href":"http:\/\/www.jacquesolivier.fr\/index.php?rest_route=\/wp\/v2\/posts\/84\/revisions\/87"}],"wp:attachment":[{"href":"http:\/\/www.jacquesolivier.fr\/index.php?rest_route=%2Fwp%2Fv2%2Fmedia&parent=84"}],"wp:term":[{"taxonomy":"category","embeddable":true,"href":"http:\/\/www.jacquesolivier.fr\/index.php?rest_route=%2Fwp%2Fv2%2Fcategories&post=84"},{"taxonomy":"post_tag","embeddable":true,"href":"http:\/\/www.jacquesolivier.fr\/index.php?rest_route=%2Fwp%2Fv2%2Ftags&post=84"}],"curies":[{"name":"wp","href":"https:\/\/api.w.org\/{rel}","templated":true}]}}