{"id":89,"date":"2016-01-01T13:10:17","date_gmt":"2016-01-01T12:10:17","guid":{"rendered":"http:\/\/www.jacquesolivier.fr\/?p=89"},"modified":"2016-01-01T13:10:17","modified_gmt":"2016-01-01T12:10:17","slug":"intervention-sur-le-vote-du-budget-primitif-2016","status":"publish","type":"post","link":"http:\/\/www.jacquesolivier.fr\/?p=89","title":{"rendered":"Intervention sur le vote du budget primitif 2016"},"content":{"rendered":"<p>M le maire,<\/p>\n<p>&nbsp;<\/p>\n<p style=\"text-align: justify;\">C\u2019est la premi\u00e8re fois qu\u2019au Thor le budget primitif diminue en section fonctionnement.<\/p>\n<p style=\"text-align: justify;\">Et quel chapitre porte le poids de cette diminution\u00a0? Presque enti\u00e8rement celui concernant les charges de personnel.<\/p>\n<p style=\"text-align: justify;\">Une partie de la baisse de la masse salariale provient du transfert d\u2019emplois \u00e0 la CCPSMV suite au transfert de la comp\u00e9tence assainissement.<\/p>\n<p style=\"text-align: justify;\">Mais le reste affecte directement les agents en place sur notre commune.<\/p>\n<p style=\"text-align: justify;\">Vous avez d\u00e9cid\u00e9 de limiter les remplacements\u00a0: cela aura de graves cons\u00e9quences sur le service public rendu aux thorois.<\/p>\n<p style=\"text-align: justify;\">Mais vous regrettez que la masse salariale repr\u00e9sente encore 59% du budget de fonctionnement.<\/p>\n<p style=\"text-align: justify;\">Cependant dans votre logique, quand la dette de la commune recommencera \u00e0 monter d\u2019ici la fin du mandat, (elle a d\u00e9j\u00e0 recommenc\u00e9e \u00e0 croitre), le chapitre \u00ab\u00a0charges de personnel\u00a0\u00bb baissera automatiquement.<\/p>\n<p style=\"text-align: justify;\">D\u2019ici l\u00e0 la commune aura alors perdu ses services publics, elle aura moins d\u2019agents pour le service public et elle sera endett\u00e9e selon le principe bien connu\u00a0: les b\u00e9n\u00e9fices au secteur priv\u00e9, les dettes aux contribuables.<\/p>\n<p style=\"text-align: justify;\">Ce n\u2019est pas notre vision de la solidarit\u00e9. Car, au Thor, les plus d\u00e9munis et les agents vont payer votre politique et vous allez endetter Le Thor.<\/p>\n<p style=\"text-align: justify;\">Il s\u2019agit bien l\u00e0 d\u2019orientations clairement anti sociales.<\/p>\n<p style=\"text-align: justify;\">Concernant les investissements, vous parlez beaucoup de vos projets, mais pas de vos r\u00e9alisations car pour le moment on ne voit pas grand-chose venir. Vous nous dites que c\u2019est pour les prochaines ann\u00e9es\u2026<\/p>\n<p style=\"text-align: justify;\">En attendant, le CCAS, qui \u00e9tait pr\u00e9vu au budget de 2015, disparait pratiquement du budget 2016. Il ne reste qu\u2019un petit budget pour les \u00e9tudes. Le budget voirie lui aussi est r\u00e9tr\u00e9c\u00eet \u00e0 la portion congrue.<\/p>\n<p style=\"text-align: justify;\">Pour le reste, une grande partie des projets inscrits au budget provient du report des d\u00e9penses pr\u00e9vues en 2015 et non effectu\u00e9es.<\/p>\n<p style=\"text-align: justify;\">Globalement, vous vous \u00eates engag\u00e9 \u00e0 ne pas augmenter les imp\u00f4ts, ce que vous faites pour le moment, en contrepartie vous augmentez les tarifs.<\/p>\n<p style=\"text-align: justify;\">Au lieu de la solidarit\u00e9 citoyenne et communale, au lieu d\u2019un d\u00e9veloppement et d\u2019une am\u00e9lioration des services publics, vous pr\u00e9f\u00e9rez faire payer les services aux thoroises et thorois et notamment aux familles, \u00e0 ceux qui ont des enfants, bref aux m\u00e9nages les plus fragiles et les plus d\u00e9munis qui n\u2019auront d\u2019autres choix pour certain d\u2019enlever leur enfant de la cantine ou de ne pas les envoyer dans un accueil collectif ou un accueil jeunes.<\/p>\n<p style=\"text-align: justify;\">Nous ne voterons pas ce budget d\u2019aust\u00e9rit\u00e9, anti social, destructeur du service public, du lien social et de la qualit\u00e9 de vie.<\/p>\n<p style=\"text-align: justify;\">\n<p style=\"text-align: justify;\">\n<p>&nbsp;<\/p>\n<p>&nbsp;<\/p>\n","protected":false},"excerpt":{"rendered":"<p>M le maire, &nbsp; C\u2019est la premi\u00e8re fois qu\u2019au Thor le budget primitif diminue en section fonctionnement. Et quel chapitre porte le poids de cette diminution\u00a0? Presque enti\u00e8rement celui concernant les charges de personnel. Une partie de la baisse de la masse salariale provient du transfert d\u2019emplois \u00e0 la CCPSMV suite au transfert de la [&hellip;]<\/p>\n","protected":false},"author":1,"featured_media":0,"comment_status":"closed","ping_status":"open","sticky":false,"template":"","format":"standard","meta":{"footnotes":""},"categories":[12],"tags":[],"_links":{"self":[{"href":"http:\/\/www.jacquesolivier.fr\/index.php?rest_route=\/wp\/v2\/posts\/89"}],"collection":[{"href":"http:\/\/www.jacquesolivier.fr\/index.php?rest_route=\/wp\/v2\/posts"}],"about":[{"href":"http:\/\/www.jacquesolivier.fr\/index.php?rest_route=\/wp\/v2\/types\/post"}],"author":[{"embeddable":true,"href":"http:\/\/www.jacquesolivier.fr\/index.php?rest_route=\/wp\/v2\/users\/1"}],"replies":[{"embeddable":true,"href":"http:\/\/www.jacquesolivier.fr\/index.php?rest_route=%2Fwp%2Fv2%2Fcomments&post=89"}],"version-history":[{"count":1,"href":"http:\/\/www.jacquesolivier.fr\/index.php?rest_route=\/wp\/v2\/posts\/89\/revisions"}],"predecessor-version":[{"id":90,"href":"http:\/\/www.jacquesolivier.fr\/index.php?rest_route=\/wp\/v2\/posts\/89\/revisions\/90"}],"wp:attachment":[{"href":"http:\/\/www.jacquesolivier.fr\/index.php?rest_route=%2Fwp%2Fv2%2Fmedia&parent=89"}],"wp:term":[{"taxonomy":"category","embeddable":true,"href":"http:\/\/www.jacquesolivier.fr\/index.php?rest_route=%2Fwp%2Fv2%2Fcategories&post=89"},{"taxonomy":"post_tag","embeddable":true,"href":"http:\/\/www.jacquesolivier.fr\/index.php?rest_route=%2Fwp%2Fv2%2Ftags&post=89"}],"curies":[{"name":"wp","href":"https:\/\/api.w.org\/{rel}","templated":true}]}}