{"id":95,"date":"2016-01-23T19:07:03","date_gmt":"2016-01-23T18:07:03","guid":{"rendered":"http:\/\/www.jacquesolivier.fr\/?p=95"},"modified":"2016-01-23T19:07:03","modified_gmt":"2016-01-23T18:07:03","slug":"meilleurs-voeux-2016","status":"publish","type":"post","link":"http:\/\/www.jacquesolivier.fr\/?p=95","title":{"rendered":"Meilleurs voeux 2016"},"content":{"rendered":"<p align=\"JUSTIFY\"><span style=\"font-size: medium;\">Mes meilleurs v\u0153ux de sant\u00e9 et de bonheur \u00e0 toutes et tous les thorois, \u00e0 tous les agents communaux, mairie et CCAS, \u00e0 tous les \u00e9lu(e)s.<\/span><\/p>\n<p align=\"JUSTIFY\"><span style=\"font-size: medium;\">Comme certains d\u2019entre vous je suis all\u00e9 \u00e9couter les v\u0153ux de M. le maire. <\/span><\/p>\n<p align=\"JUSTIFY\"><span style=\"font-size: medium;\">Il nous a dit qu\u2019il avait 2 priorit\u00e9s\u00a0: la r\u00e9organisation des services et la communication.<\/span><\/p>\n<p align=\"JUSTIFY\"><span style=\"font-size: medium;\">Concernant la communication, effectivement ce poste de d\u00e9pense a fortement augment\u00e9. Il le faut car le maire conte\u00a0une d\u2019histoire pendant qu\u2019il en fait une autre. <\/span><\/p>\n<p align=\"JUSTIFY\"><span style=\"font-size: medium;\">Reprenons ses projets\u00a0: ils sont pour la plupart la reprise de projets d\u00e9j\u00e0 en cours dans la mandature pr\u00e9c\u00e9dente : les \u00e9tudes avaient d\u00e9j\u00e0 \u00e9t\u00e9 faites pour nombre d\u2019entre eux.<\/span><\/p>\n<p align=\"JUSTIFY\"><span style=\"font-size: medium;\">Soi-disant rien n\u2019a \u00e9t\u00e9 fait concernant le beffroi\u00a0: pourtant l\u2019int\u00e9rieur a \u00e9t\u00e9 fait dans le mandat pr\u00e9c\u00e9dent\u00a0: bien sur \u00e7a ne se voit pas de l\u2019ext\u00e9rieur. Pour le reste il ne fait que reprendre le projet mais il a repouss\u00e9 le projet de r\u00e9fection de la rue de la R\u00e9publique qui se meurt. Aura-t-il encore les fonds dans 2, 3 ou 4 ans pour r\u00e9nover cette rue\u00a0?<\/span><\/p>\n<p align=\"JUSTIFY\"><span style=\"font-size: medium;\">A la demande de M le maire les adjoints devaient prendre la parole. En fait 5 d\u2019entre eux seulement l\u2019ont fait.<\/span><\/p>\n<p align=\"JUSTIFY\"><span style=\"font-size: medium;\">Mme Bihel, adjointe d\u00e9l\u00e9gu\u00e9e aux affaires scolaires, restauration, transports scolaires et affaires culturelles nous a parl\u00e9 de la finalisation de la restructuration de la cr\u00e8che.<\/span><\/p>\n<p align=\"JUSTIFY\"><span style=\"font-size: medium;\">Mme Florence Andrzejeweski-Raynaud, d\u00e9l\u00e9gu\u00e9e en charge du patrimoine, a eu droit \u00e0 deux interventions\u00a0: elle prend de l\u2019importance dans le Conseil Municipal\u00a0! <\/span><\/p>\n<p align=\"JUSTIFY\"><span style=\"font-size: medium;\">Elle nous a parl\u00e9 de la restauration du beffroi et de la r\u00e9habilitation de l\u2019ancienne Banque Chaix pour y transf\u00e9rer la Poste.<\/span><\/p>\n<p align=\"JUSTIFY\"><span style=\"font-size: medium;\">M St\u00e9phan Mathieu, adjoint aux sports et \u00e0 la jeunesse, nous a parl\u00e9 du city park et du skate park. <\/span><\/p>\n<p align=\"JUSTIFY\"><span style=\"font-size: medium;\">M Bresson Laurent, adjoint d\u00e9l\u00e9gu\u00e9 \u00e0 la s\u00e9curit\u00e9 et secours nous a parl\u00e9 de la t\u00e9l\u00e9surveillance qui se mettra en place sur plusieurs ann\u00e9es.<\/span><\/p>\n<p align=\"JUSTIFY\"><span style=\"font-size: medium;\">M Christian Royer, adjoint d\u00e9l\u00e9gu\u00e9 aux travaux publics et urbanisme, nous parle du lancement des \u00e9tudes sur le centre-ville, \u00e9tudes qui ont d\u00e9j\u00e0 \u00e9t\u00e9 faites mais la municipalit\u00e9 les refait \u00e0 nouveau\u2026(50\u00a0000 euros dans le cadre du PAS R\u00e9gion)<\/span><\/p>\n<p align=\"JUSTIFY\"><span style=\"font-size: medium;\">Les autres adjoints n\u2019ont semble-t-il rien \u00e0 dire. Pourtant nous attendions que Mme M\u00e9rigaud, adjointe d\u00e9l\u00e9gu\u00e9e aux affaires sociales, solidarit\u00e9 et petite enfance, nous parle de la question sociale sur notre commune\u00a0: rien n\u2019est venu de sa part. C\u2019est m\u00eame Mme Bihel, qui la seconde en son absence, qui est intervenu sur les travaux \u00e0 la cr\u00e8che alors que Mme M\u00e9rigaud \u00e9tait bien pr\u00e9sente aux v\u0153ux et que c\u2019est de sa comp\u00e9tence. <\/span><\/p>\n<p align=\"JUSTIFY\"><span style=\"font-size: medium;\">Bizarre\u00a0! Il est vrai qu\u2019elle a manqu\u00e9 4 conseils municipaux en 2015\u00a0: du jamais vu.<\/span><\/p>\n<p align=\"JUSTIFY\"><span style=\"font-size: medium;\">Pas un mot sur le social, pas un mot sur le CCAS. Le projet de d\u00e9m\u00e9nagement du CCAS semble s\u2019\u00e9loigner. Alors qu\u2019il semblait prioritaire, voil\u00e0 que le projet n\u2019appara\u00eet plus au budget que pour une somme infime.<\/span><\/p>\n<p align=\"JUSTIFY\"><span style=\"font-size: medium;\">Il est vrai que M le maire organise et assume la rigueur et l\u2019aust\u00e9rit\u00e9 et a pr\u00e9sent\u00e9 un budget de plus en plus restreint car il ne veut pas augmenter les imp\u00f4ts (bien qu\u2019une certain inflexion (\u00abrester tr\u00e8s attentif pour le futur\u00a0\u00bb) se soit faite sentir dans son discours\u00a0: les reniements se pr\u00e9parent de loin). Alors il sacrifie les services publics, \u00e0 commencer par ceux qui les font vivre\u00a0: les agents.<\/span><\/p>\n<p align=\"JUSTIFY\"><span style=\"font-size: medium;\">Il nous a annonc\u00e9 que l\u2019octroi des jours du maire avait \u00e9t\u00e9 conditionn\u00e9 \u00e0 l\u2019absent\u00e9isme pour maladie. Au plus l\u2019agent est malade, au plus il perd des jours de cong\u00e9s. Devant la grogne des agents qui mena\u00e7aient de ne pas venir aux v\u0153ux du personnel en r\u00e9ponse \u00e0 cette mesure arbitraire, il a fait le tour des services pour calmer les agents. <\/span><\/p>\n<p align=\"JUSTIFY\"><span style=\"font-size: medium;\">Sa bienveillance, \u00e0 ne pas confondre avec la fraternit\u00e9, n\u2019a pas de limite.<\/span><\/p>\n<p align=\"JUSTIFY\"><span style=\"font-size: medium;\">Il faut dire que toutes les absences maladie, y compris pour accident de travail, comptaient dans le calcul pour r\u00e9duire le nombre de jours du maire. Celui-ci, bon prince bienveillant, a propos\u00e9 que cela soit laiss\u00e9 \u00e0 l\u2019appr\u00e9ciation des chefs de services. Autant dire que l\u2019arbitraire va de nouveau r\u00e9gner dans les services municipaux.<\/span><\/p>\n<p align=\"JUSTIFY\"><span style=\"font-size: medium;\">M le maire a aussi expliqu\u00e9 aux agents qu\u2019ils devaient faire des efforts vu la situation budg\u00e9taire de la commune. A-t-il re\u00e7u les syndicats pour leur expliquer\u00a0? Myst\u00e8re. <\/span><\/p>\n<p align=\"JUSTIFY\"><span style=\"font-size: medium;\">De plus (ou de moins\u00a0?) les agents malades ne seront plus remplac\u00e9s. Le travail suppl\u00e9mentaire p\u00e8sera sur les \u00e9paules des pr\u00e9sents qui verront leur t\u00e2che augmenter, d\u2019autant que certains d\u00e9parts \u00e0 la retraite ne seront \u00e9galement pas remplac\u00e9s.<\/span><\/p>\n<p align=\"JUSTIFY\"><span style=\"font-size: medium;\">Toujours est-il que les agents sont pri\u00e9s d\u2019accepter avec bienveillance ces mesures d\u2019aust\u00e9rit\u00e9, dures pour tous, organis\u00e9es par le maire. <\/span><\/p>\n<p align=\"JUSTIFY\"><span style=\"font-size: medium;\">Le report des travaux du CCAS pose probl\u00e8me\u00a0: que sera le CCAS d\u2019ici la fin du mandat\u00a0? <\/span><\/p>\n<p align=\"JUSTIFY\"><span style=\"font-size: medium;\">M. le maire ne r\u00e9pond pas, ni en conseil municipal, ni aux v\u0153ux o\u00f9 l\u2019adjointe d\u00e9l\u00e9gu\u00e9e aux affaires sociales n\u2019a pas eu la parole.<\/span><\/p>\n<p align=\"JUSTIFY\"><span style=\"font-size: medium;\">Mais pour lui, au CCAS\u00a0: \u00ab\u00a0les \u00e9quipes ont retrouv\u00e9 une bien meilleure s\u00e9r\u00e9nit\u00e9 et la paix sociale\u00a0; ce n\u2019\u00e9tait pas compl\u00e8tement le cas pr\u00e9alablement. Cela leur permet de se concentrer sur leur t\u00e2che qui est de porter la meilleure bienveillance aupr\u00e8s de ceux qui en ont le plus besoin.\u00a0\u00bb (sic)<\/span><\/p>\n<p align=\"JUSTIFY\"><span style=\"font-size: medium;\">M le maire a aussi demand\u00e9 aux thorois de lui donner des id\u00e9es concernant l\u2019immeuble Saint Roch dont il est incapable de faire quoique ce soit sinon de le laisser s\u2019\u00e9crouler. Sa solution semble \u00eatre la vente. A qui\u00a0? Nous le verrons. Vendre les biens de la commune, c\u2019est hypoth\u00e9quer l\u2019avenir.<\/span><\/p>\n<p align=\"JUSTIFY\"><span style=\"font-size: medium;\">Pour le comit\u00e9 des f\u00eates, les choses sont tr\u00e8s claires\u00a0: <\/span><\/p>\n<p align=\"JUSTIFY\"><span style=\"font-size: medium;\">\u00ab\u00a0Je salue la reprise en main du comit\u00e9 des f\u00eates et sa pr\u00e9sidente Val\u00e9rie Piasecki\u00a0\u00bb nous dit M le maire. C\u2019est clair\u00a0: pour ceux qui ne l\u2019auraient pas compris il s\u2019agit bien d\u2019une reprise en main par le maire, \u00e0 travers une pr\u00e9sidente aux ordres. D\u00e9fense d\u2019avoir des id\u00e9es\u00a0! <\/span><\/p>\n<p align=\"JUSTIFY\"><span style=\"font-size: medium;\">Heureusement d\u2019autres en ont, en dehors du Comit\u00e9 des f\u00eates.<\/span><\/p>\n<p align=\"JUSTIFY\"><span style=\"font-size: medium;\">Pour finir, je voudrais rappeler qu\u2019un des gros projets en cours du mandat pr\u00e9c\u00e9dent \u00e9tait la r\u00e9fection du toit des ateliers municipaux et son remplacement par un toit photovolta\u00efque. Cela pr\u00e9parait l\u2019avenir de la commune, participait \u00e0 l\u2019effort de diminution de GES, assurait un revenu futur pour la commune et mettait notre commune dans le camp des villes r\u00e9siliente.<\/span><\/p>\n<p align=\"JUSTIFY\"><span style=\"font-size: medium;\">Ce projet a \u00e9t\u00e9 abandonn\u00e9 par la nouvelle \u00e9quipe. <\/span><\/p>\n<p align=\"JUSTIFY\"><span style=\"font-size: medium;\">Ce point est embl\u00e9matique de la politique suivie par le maire\u00a0: faire plaisir au coup par coup au lieu de porter un projet d\u2019avenir collectif pour notre commune et ses habitants.<\/span><\/p>\n","protected":false},"excerpt":{"rendered":"<p>Mes meilleurs v\u0153ux de sant\u00e9 et de bonheur \u00e0 toutes et tous les thorois, \u00e0 tous les agents communaux, mairie et CCAS, \u00e0 tous les \u00e9lu(e)s. Comme certains d\u2019entre vous je suis all\u00e9 \u00e9couter les v\u0153ux de M. le maire. Il nous a dit qu\u2019il avait 2 priorit\u00e9s\u00a0: la r\u00e9organisation des services et la communication. [&hellip;]<\/p>\n","protected":false},"author":1,"featured_media":0,"comment_status":"closed","ping_status":"open","sticky":false,"template":"","format":"standard","meta":{"footnotes":""},"categories":[13],"tags":[],"_links":{"self":[{"href":"http:\/\/www.jacquesolivier.fr\/index.php?rest_route=\/wp\/v2\/posts\/95"}],"collection":[{"href":"http:\/\/www.jacquesolivier.fr\/index.php?rest_route=\/wp\/v2\/posts"}],"about":[{"href":"http:\/\/www.jacquesolivier.fr\/index.php?rest_route=\/wp\/v2\/types\/post"}],"author":[{"embeddable":true,"href":"http:\/\/www.jacquesolivier.fr\/index.php?rest_route=\/wp\/v2\/users\/1"}],"replies":[{"embeddable":true,"href":"http:\/\/www.jacquesolivier.fr\/index.php?rest_route=%2Fwp%2Fv2%2Fcomments&post=95"}],"version-history":[{"count":1,"href":"http:\/\/www.jacquesolivier.fr\/index.php?rest_route=\/wp\/v2\/posts\/95\/revisions"}],"predecessor-version":[{"id":96,"href":"http:\/\/www.jacquesolivier.fr\/index.php?rest_route=\/wp\/v2\/posts\/95\/revisions\/96"}],"wp:attachment":[{"href":"http:\/\/www.jacquesolivier.fr\/index.php?rest_route=%2Fwp%2Fv2%2Fmedia&parent=95"}],"wp:term":[{"taxonomy":"category","embeddable":true,"href":"http:\/\/www.jacquesolivier.fr\/index.php?rest_route=%2Fwp%2Fv2%2Fcategories&post=95"},{"taxonomy":"post_tag","embeddable":true,"href":"http:\/\/www.jacquesolivier.fr\/index.php?rest_route=%2Fwp%2Fv2%2Ftags&post=95"}],"curies":[{"name":"wp","href":"https:\/\/api.w.org\/{rel}","templated":true}]}}